{"id":3357,"date":"2022-06-13T09:49:35","date_gmt":"2022-06-13T07:49:35","guid":{"rendered":"https:\/\/reseau-amylose.org\/soins\/?p=3357"},"modified":"2022-06-13T09:51:33","modified_gmt":"2022-06-13T07:51:33","slug":"vendredi-17-juin-1er-cfma","status":"publish","type":"post","link":"https:\/\/reseau-amylose.org\/soins\/vendredi-17-juin-1er-cfma\/","title":{"rendered":"Vendredi 17 juin : 1er CFMA"},"content":{"rendered":"\t\t<div data-elementor-type=\"wp-post\" data-elementor-id=\"3357\" class=\"elementor elementor-3357\" data-elementor-post-type=\"post\">\n\t\t\t\t\t\t<section class=\"elementor-section elementor-top-section elementor-element elementor-element-1cfcd0df elementor-section-content-middle elementor-section-boxed elementor-section-height-default elementor-section-height-default\" data-id=\"1cfcd0df\" data-element_type=\"section\" data-settings=\"{&quot;background_background&quot;:&quot;classic&quot;}\">\n\t\t\t\t\t\t<div class=\"elementor-container elementor-column-gap-no\">\n\t\t\t\t\t<div class=\"elementor-column elementor-col-100 elementor-top-column elementor-element elementor-element-54b8797b\" data-id=\"54b8797b\" data-element_type=\"column\">\n\t\t\t<div class=\"elementor-widget-wrap elementor-element-populated\">\n\t\t\t\t\t\t<div class=\"elementor-element elementor-element-3b99c990 elementor-widget-divider--view-line elementor-widget elementor-widget-divider\" data-id=\"3b99c990\" data-element_type=\"widget\" data-widget_type=\"divider.default\">\n\t\t\t\t<div class=\"elementor-widget-container\">\n\t\t\t\t\t\t\t<div class=\"elementor-divider\">\n\t\t\t<span class=\"elementor-divider-separator\">\n\t\t\t\t\t\t<\/span>\n\t\t<\/div>\n\t\t\t\t\t\t<\/div>\n\t\t\t\t<\/div>\n\t\t\t\t<div class=\"elementor-element elementor-element-fecd6e0 elementor-widget elementor-widget-heading\" data-id=\"fecd6e0\" data-element_type=\"widget\" data-widget_type=\"heading.default\">\n\t\t\t\t<div class=\"elementor-widget-container\">\n\t\t\t\t\t<h6 class=\"elementor-heading-title elementor-size-default\"><h2 class=\"elementor-heading-title elementor-size-large elementor-inline-editing pen\" data-elementor-setting-key=\"title\" data-pen-placeholder=\"\u00c9crivez ici...\">Congr\u00e8s Francophone Multidisciplinaire de l'Amylose<\/h2><\/h6>\t\t\t\t<\/div>\n\t\t\t\t<\/div>\n\t\t\t\t\t<\/div>\n\t\t<\/div>\n\t\t\t\t\t<\/div>\n\t\t<\/section>\n\t\t\t\t<section class=\"elementor-section elementor-top-section elementor-element elementor-element-4b7d03e elementor-section-boxed elementor-section-height-default elementor-section-height-default\" data-id=\"4b7d03e\" data-element_type=\"section\">\n\t\t\t\t\t\t<div class=\"elementor-container elementor-column-gap-default\">\n\t\t\t\t\t<div class=\"elementor-column elementor-col-100 elementor-top-column elementor-element elementor-element-49b3b27\" data-id=\"49b3b27\" data-element_type=\"column\">\n\t\t\t<div class=\"elementor-widget-wrap elementor-element-populated\">\n\t\t\t\t\t\t<div class=\"elementor-element elementor-element-224dd43 elementor-widget elementor-widget-image\" data-id=\"224dd43\" data-element_type=\"widget\" data-widget_type=\"image.default\">\n\t\t\t\t<div class=\"elementor-widget-container\">\n\t\t\t\t\t\t\t\t\t\t\t\t\t\t\t<img fetchpriority=\"high\" decoding=\"async\" width=\"1024\" height=\"175\" src=\"https:\/\/reseau-amylose.org\/soins\/wp-content\/uploads\/sites\/4\/2022\/06\/banniere-1024x175.jpeg\" class=\"attachment-large size-large wp-image-3359\" alt=\"\" srcset=\"https:\/\/reseau-amylose.org\/soins\/wp-content\/uploads\/sites\/4\/2022\/06\/banniere-1024x175.jpeg 1024w, https:\/\/reseau-amylose.org\/soins\/wp-content\/uploads\/sites\/4\/2022\/06\/banniere-300x51.jpeg 300w, https:\/\/reseau-amylose.org\/soins\/wp-content\/uploads\/sites\/4\/2022\/06\/banniere-768x131.jpeg 768w, https:\/\/reseau-amylose.org\/soins\/wp-content\/uploads\/sites\/4\/2022\/06\/banniere.jpeg 1170w\" sizes=\"(max-width: 1024px) 100vw, 1024px\" \/>\t\t\t\t\t\t\t\t\t\t\t\t\t\t\t<\/div>\n\t\t\t\t<\/div>\n\t\t\t\t<div class=\"elementor-element elementor-element-f6f74df elementor-widget elementor-widget-text-editor\" data-id=\"f6f74df\" data-element_type=\"widget\" data-widget_type=\"text-editor.default\">\n\t\t\t\t<div class=\"elementor-widget-container\">\n\t\t\t\t\t\t\t\t\t<h6><span style=\"color: #000000\">Chers amis, chers coll\u00e8gues,<\/span><\/h6>\n<h6><span style=\"color: #000000\">Tous les\u00a0<strong>centres de\u00a0r\u00e9f\u00e9rence de\u00a0l\u2019amylose<\/strong>\u00a0ainsi que\u00a0l\u2019association des\u00a0patients se\u00a0mobilisent afin de\u00a0cr\u00e9er le\u00a0<strong>Premier Congr\u00e8s Francophone Multidisciplinaire de\u00a0l\u2019Amylose.<\/strong><\/span><\/h6>\n<h6><span style=\"color: #000000\">Cette rencontre sera l\u2019occasion de\u00a0<strong>f\u00e9d\u00e9rer les\u00a0acteurs de\u00a0la\u00a0pathologie<\/strong>\u00a0et\u00a0de\u00a0faire\u00a0<strong>le\u00a0point sur\u00a0dix\u00a0ann\u00e9es d\u2019avanc\u00e9es dans le\u00a0parcours de\u00a0soin et\u00a0le\u00a0traitement des\u00a0amyloses.<\/strong><\/span><\/h6>\n<h6><span style=\"color: #000000\">Une\u00a0place importante sera donn\u00e9e aux\u00a0<strong>t\u00e9moignages de\u00a0patients et\u00a0aux\u00a0\u00e9changes pour contribuer \u00e0 l\u2019am\u00e9lioration des\u00a0soins et\u00a0de\u00a0la\u00a0prise en\u00a0charge.<\/strong><\/span><\/h6>\n<h6><span style=\"color: #000000\">L\u2019<strong>Association Fran\u00e7aise contre l\u2019Amylose<\/strong>\u00a0cl\u00f4turera la\u00a0journ\u00e9e avec la\u00a0<strong>r\u00e9trospective de\u00a0dix\u00a0ann\u00e9es d\u2019actions et\u00a0d\u2019engagements aux\u00a0c\u00f4t\u00e9s des\u00a0malades.<\/strong><\/span><\/h6>\n<h6><span style=\"color: #000000\">Ouvert \u00e0 tous, ce\u00a0programme sera propos\u00e9 <strong>en\u00a0pr\u00e9sentiel \u00e0\u00a0l\u2019Espace Saint\u2011Martin \u00e0 Paris et\u00a0en\u00a0direct live sur\u00a0une\u00a0plateforme d\u00e9di\u00e9e.<\/strong><\/span><\/h6>\n<h6><span style=\"color: #000000\">Nous vous attendons nombreuses et\u00a0nombreux vendredi 17\u00a0juin prochain pour\u00a0<strong>partager des\u00a0moments int\u00e9ressants et\u00a0profitables\u202f!<\/strong><\/span><\/h6>\n<h6><span style=\"color: #000000\"><strong>Le\u00a0Comit\u00e9 Scientifique et\u00a0d\u2019Organisation<\/strong><\/span><\/h6>\t\t\t\t\t\t\t\t<\/div>\n\t\t\t\t<\/div>\n\t\t\t\t\t<\/div>\n\t\t<\/div>\n\t\t\t\t\t<\/div>\n\t\t<\/section>\n\t\t\t\t<section class=\"elementor-section elementor-top-section elementor-element elementor-element-f6cc486 elementor-section-boxed elementor-section-height-default elementor-section-height-default\" data-id=\"f6cc486\" data-element_type=\"section\">\n\t\t\t\t\t\t<div class=\"elementor-container elementor-column-gap-default\">\n\t\t\t\t\t<div class=\"elementor-column elementor-col-50 elementor-top-column elementor-element elementor-element-30dbb4c\" data-id=\"30dbb4c\" data-element_type=\"column\">\n\t\t\t<div class=\"elementor-widget-wrap elementor-element-populated\">\n\t\t\t\t\t\t<div class=\"elementor-element elementor-element-8b4f729 elementor-widget elementor-widget-text-editor\" data-id=\"8b4f729\" data-element_type=\"widget\" data-widget_type=\"text-editor.default\">\n\t\t\t\t<div class=\"elementor-widget-container\">\n\t\t\t\t\t\t\t\t\t<p>\u00a0<\/p><p>\u00a0<\/p><p>\u00a0<\/p>\t\t\t\t\t\t\t\t<\/div>\n\t\t\t\t<\/div>\n\t\t\t\t<div class=\"elementor-element elementor-element-4d999be elementor-align-center elementor-widget elementor-widget-button\" data-id=\"4d999be\" data-element_type=\"widget\" data-widget_type=\"button.default\">\n\t\t\t\t<div class=\"elementor-widget-container\">\n\t\t\t\t\t\t\t\t\t<div class=\"elementor-button-wrapper\">\n\t\t\t\t\t<a class=\"elementor-button elementor-button-link elementor-size-xl\" href=\"https:\/\/www.congres-amylose.com\/\" target=\"_blank\">\n\t\t\t\t\t\t<span class=\"elementor-button-content-wrapper\">\n\t\t\t\t\t\t\t\t\t<span class=\"elementor-button-text\">INSCRIVEZ-VOUS<\/span>\n\t\t\t\t\t<\/span>\n\t\t\t\t\t<\/a>\n\t\t\t\t<\/div>\n\t\t\t\t\t\t\t\t<\/div>\n\t\t\t\t<\/div>\n\t\t\t\t\t<\/div>\n\t\t<\/div>\n\t\t\t\t<div class=\"elementor-column elementor-col-50 elementor-top-column elementor-element elementor-element-2aafa74\" data-id=\"2aafa74\" data-element_type=\"column\">\n\t\t\t<div class=\"elementor-widget-wrap elementor-element-populated\">\n\t\t\t\t\t\t<div class=\"elementor-element elementor-element-419293c elementor-cta--skin-cover elementor-animated-content elementor-bg-transform elementor-bg-transform-zoom-in elementor-widget elementor-widget-call-to-action\" data-id=\"419293c\" data-element_type=\"widget\" data-widget_type=\"call-to-action.default\">\n\t\t\t\t<div class=\"elementor-widget-container\">\n\t\t\t\t\t\t\t<div class=\"elementor-cta\">\n\t\t\t\t\t<div class=\"elementor-cta__bg-wrapper\">\n\t\t\t\t<div class=\"elementor-cta__bg elementor-bg\" style=\"background-image: url(https:\/\/reseau-amylose.org\/soins\/wp-content\/uploads\/sites\/4\/2022\/06\/banniere-1024x175.jpeg);\" role=\"img\" aria-label=\"banniere\"><\/div>\n\t\t\t\t<div class=\"elementor-cta__bg-overlay\"><\/div>\n\t\t\t<\/div>\n\t\t\t\t\t\t\t<div class=\"elementor-cta__content\">\n\t\t\t\t\n\t\t\t\t\n\t\t\t\t\n\t\t\t\t\t\t\t\t\t<div class=\"elementor-cta__button-wrapper elementor-cta__content-item elementor-content-item elementor-animated-item--grow\">\n\t\t\t\t\t<a class=\"elementor-cta__button elementor-button elementor-size-\" href=\"https:\/\/www.congres-amylose.com\/\" target=\"_blank\">\n\t\t\t\t\t\tPROGRAMME\t\t\t\t\t<\/a>\n\t\t\t\t\t<\/div>\n\t\t\t\t\t\t\t<\/div>\n\t\t\t\t\t\t<\/div>\n\t\t\t\t\t\t<\/div>\n\t\t\t\t<\/div>\n\t\t\t\t\t<\/div>\n\t\t<\/div>\n\t\t\t\t\t<\/div>\n\t\t<\/section>\n\t\t\t\t<\/div>\n\t\t","protected":false},"excerpt":{"rendered":"<p>Congr\u00e8s Francophone Multidisciplinaire de l&rsquo;Amylose Chers amis, chers coll\u00e8gues, Tous les\u00a0centres de\u00a0r\u00e9f\u00e9rence de\u00a0l\u2019amylose\u00a0ainsi que\u00a0l\u2019association des\u00a0patients se\u00a0mobilisent afin de\u00a0cr\u00e9er le\u00a0Premier Congr\u00e8s Francophone Multidisciplinaire de\u00a0l\u2019Amylose. Cette rencontre sera l\u2019occasion de\u00a0f\u00e9d\u00e9rer les\u00a0acteurs de\u00a0la\u00a0pathologie\u00a0et\u00a0de\u00a0faire\u00a0le\u00a0point sur\u00a0dix\u00a0ann\u00e9es d\u2019avanc\u00e9es dans le\u00a0parcours de\u00a0soin et\u00a0le\u00a0traitement des\u00a0amyloses. Une\u00a0place importante sera donn\u00e9e aux\u00a0t\u00e9moignages de\u00a0patients et\u00a0aux\u00a0\u00e9changes pour contribuer \u00e0 l\u2019am\u00e9lioration des\u00a0soins et\u00a0de\u00a0la\u00a0prise en\u00a0charge. L\u2019Association Fran\u00e7aise contre l\u2019Amylose\u00a0cl\u00f4turera [&hellip;]<\/p>\n","protected":false},"author":2,"featured_media":0,"comment_status":"closed","ping_status":"","sticky":false,"template":"","format":"standard","meta":{"_monsterinsights_skip_tracking":false,"_monsterinsights_sitenote_active":false,"_monsterinsights_sitenote_note":"","_monsterinsights_sitenote_category":0,"footnotes":""},"categories":[1],"tags":[],"class_list":["post-3357","post","type-post","status-publish","format-standard","hentry","category-non-classe"],"yoast_head":"<!-- This site is optimized with the Yoast SEO plugin v25.5 - https:\/\/yoast.com\/wordpress\/plugins\/seo\/ -->\n<title>Vendredi 17 juin : 1er CFMA - R\u00e9seau Amylose - r\u00e9seau de soins<\/title>\n<meta name=\"robots\" content=\"index, follow, max-snippet:-1, max-image-preview:large, max-video-preview:-1\" \/>\n<link rel=\"canonical\" href=\"http:\/\/reseau-amylose.org\/soins\/vendredi-17-juin-1er-cfma\/\" \/>\n<meta property=\"og:locale\" content=\"fr_FR\" \/>\n<meta property=\"og:type\" content=\"article\" \/>\n<meta property=\"og:title\" content=\"Vendredi 17 juin : 1er CFMA - R\u00e9seau Amylose - r\u00e9seau de soins\" \/>\n<meta property=\"og:description\" content=\"Congr\u00e8s Francophone Multidisciplinaire de l&rsquo;Amylose Chers amis, chers coll\u00e8gues, Tous les\u00a0centres de\u00a0r\u00e9f\u00e9rence de\u00a0l\u2019amylose\u00a0ainsi que\u00a0l\u2019association des\u00a0patients se\u00a0mobilisent afin de\u00a0cr\u00e9er le\u00a0Premier Congr\u00e8s Francophone Multidisciplinaire de\u00a0l\u2019Amylose. Cette rencontre sera l\u2019occasion de\u00a0f\u00e9d\u00e9rer les\u00a0acteurs de\u00a0la\u00a0pathologie\u00a0et\u00a0de\u00a0faire\u00a0le\u00a0point sur\u00a0dix\u00a0ann\u00e9es d\u2019avanc\u00e9es dans le\u00a0parcours de\u00a0soin et\u00a0le\u00a0traitement des\u00a0amyloses. Une\u00a0place importante sera donn\u00e9e aux\u00a0t\u00e9moignages de\u00a0patients et\u00a0aux\u00a0\u00e9changes pour contribuer \u00e0 l\u2019am\u00e9lioration des\u00a0soins et\u00a0de\u00a0la\u00a0prise en\u00a0charge. L\u2019Association Fran\u00e7aise contre l\u2019Amylose\u00a0cl\u00f4turera [&hellip;]\" \/>\n<meta property=\"og:url\" content=\"http:\/\/reseau-amylose.org\/soins\/vendredi-17-juin-1er-cfma\/\" \/>\n<meta property=\"og:site_name\" content=\"R\u00e9seau Amylose - r\u00e9seau de soins\" \/>\n<meta property=\"article:published_time\" content=\"2022-06-13T07:49:35+00:00\" \/>\n<meta property=\"article:modified_time\" content=\"2022-06-13T07:51:33+00:00\" \/>\n<meta property=\"og:image\" content=\"https:\/\/reseau-amylose.org\/soins\/wp-content\/uploads\/sites\/4\/2022\/06\/banniere-1024x175.jpeg\" \/>\n<meta name=\"author\" content=\"clotilde\" \/>\n<meta name=\"twitter:card\" content=\"summary_large_image\" \/>\n<meta name=\"twitter:label1\" content=\"\u00c9crit par\" \/>\n\t<meta name=\"twitter:data1\" content=\"clotilde\" \/>\n\t<meta name=\"twitter:label2\" content=\"Dur\u00e9e de lecture estim\u00e9e\" \/>\n\t<meta name=\"twitter:data2\" content=\"1 minute\" \/>\n<script type=\"application\/ld+json\" class=\"yoast-schema-graph\">{\"@context\":\"https:\/\/schema.org\",\"@graph\":[{\"@type\":\"WebPage\",\"@id\":\"http:\/\/reseau-amylose.org\/soins\/vendredi-17-juin-1er-cfma\/\",\"url\":\"http:\/\/reseau-amylose.org\/soins\/vendredi-17-juin-1er-cfma\/\",\"name\":\"Vendredi 17 juin : 1er CFMA - R\u00e9seau Amylose - r\u00e9seau de soins\",\"isPartOf\":{\"@id\":\"https:\/\/reseau-amylose.org\/soins\/#website\"},\"primaryImageOfPage\":{\"@id\":\"http:\/\/reseau-amylose.org\/soins\/vendredi-17-juin-1er-cfma\/#primaryimage\"},\"image\":{\"@id\":\"http:\/\/reseau-amylose.org\/soins\/vendredi-17-juin-1er-cfma\/#primaryimage\"},\"thumbnailUrl\":\"https:\/\/reseau-amylose.org\/soins\/wp-content\/uploads\/sites\/4\/2022\/06\/banniere-1024x175.jpeg\",\"datePublished\":\"2022-06-13T07:49:35+00:00\",\"dateModified\":\"2022-06-13T07:51:33+00:00\",\"author\":{\"@id\":\"https:\/\/reseau-amylose.org\/soins\/#\/schema\/person\/8051a9db0408f31b59e66b2cac32d79d\"},\"breadcrumb\":{\"@id\":\"http:\/\/reseau-amylose.org\/soins\/vendredi-17-juin-1er-cfma\/#breadcrumb\"},\"inLanguage\":\"fr-FR\",\"potentialAction\":[{\"@type\":\"ReadAction\",\"target\":[\"http:\/\/reseau-amylose.org\/soins\/vendredi-17-juin-1er-cfma\/\"]}]},{\"@type\":\"ImageObject\",\"inLanguage\":\"fr-FR\",\"@id\":\"http:\/\/reseau-amylose.org\/soins\/vendredi-17-juin-1er-cfma\/#primaryimage\",\"url\":\"https:\/\/reseau-amylose.org\/soins\/wp-content\/uploads\/sites\/4\/2022\/06\/banniere.jpeg\",\"contentUrl\":\"https:\/\/reseau-amylose.org\/soins\/wp-content\/uploads\/sites\/4\/2022\/06\/banniere.jpeg\",\"width\":1170,\"height\":200},{\"@type\":\"BreadcrumbList\",\"@id\":\"http:\/\/reseau-amylose.org\/soins\/vendredi-17-juin-1er-cfma\/#breadcrumb\",\"itemListElement\":[{\"@type\":\"ListItem\",\"position\":1,\"name\":\"Accueil\",\"item\":\"https:\/\/reseau-amylose.org\/soins\/\"},{\"@type\":\"ListItem\",\"position\":2,\"name\":\"Vendredi 17 juin : 1er CFMA\"}]},{\"@type\":\"WebSite\",\"@id\":\"https:\/\/reseau-amylose.org\/soins\/#website\",\"url\":\"https:\/\/reseau-amylose.org\/soins\/\",\"name\":\"R\u00e9seau Amylose - r\u00e9seau de soins\",\"description\":\"Centre de r\u00e9f\u00e9rence des amyloses cardiaques\",\"potentialAction\":[{\"@type\":\"SearchAction\",\"target\":{\"@type\":\"EntryPoint\",\"urlTemplate\":\"https:\/\/reseau-amylose.org\/soins\/?s={search_term_string}\"},\"query-input\":{\"@type\":\"PropertyValueSpecification\",\"valueRequired\":true,\"valueName\":\"search_term_string\"}}],\"inLanguage\":\"fr-FR\"},{\"@type\":\"Person\",\"@id\":\"https:\/\/reseau-amylose.org\/soins\/#\/schema\/person\/8051a9db0408f31b59e66b2cac32d79d\",\"name\":\"clotilde\",\"image\":{\"@type\":\"ImageObject\",\"inLanguage\":\"fr-FR\",\"@id\":\"https:\/\/reseau-amylose.org\/soins\/#\/schema\/person\/image\/\",\"url\":\"https:\/\/secure.gravatar.com\/avatar\/3f641b4dd50c316d26405faeae0e8e51a740bc88d8b45a75e5562aa57653f388?s=96&d=mm&r=g\",\"contentUrl\":\"https:\/\/secure.gravatar.com\/avatar\/3f641b4dd50c316d26405faeae0e8e51a740bc88d8b45a75e5562aa57653f388?s=96&d=mm&r=g\",\"caption\":\"clotilde\"},\"url\":\"https:\/\/reseau-amylose.org\/soins\/author\/clotilde\/\"}]}<\/script>\n<!-- \/ Yoast SEO plugin. -->","yoast_head_json":{"title":"Vendredi 17 juin : 1er CFMA - R\u00e9seau Amylose - r\u00e9seau de soins","robots":{"index":"index","follow":"follow","max-snippet":"max-snippet:-1","max-image-preview":"max-image-preview:large","max-video-preview":"max-video-preview:-1"},"canonical":"http:\/\/reseau-amylose.org\/soins\/vendredi-17-juin-1er-cfma\/","og_locale":"fr_FR","og_type":"article","og_title":"Vendredi 17 juin : 1er CFMA - R\u00e9seau Amylose - r\u00e9seau de soins","og_description":"Congr\u00e8s Francophone Multidisciplinaire de l&rsquo;Amylose Chers amis, chers coll\u00e8gues, Tous les\u00a0centres de\u00a0r\u00e9f\u00e9rence de\u00a0l\u2019amylose\u00a0ainsi que\u00a0l\u2019association des\u00a0patients se\u00a0mobilisent afin de\u00a0cr\u00e9er le\u00a0Premier Congr\u00e8s Francophone Multidisciplinaire de\u00a0l\u2019Amylose. Cette rencontre sera l\u2019occasion de\u00a0f\u00e9d\u00e9rer les\u00a0acteurs de\u00a0la\u00a0pathologie\u00a0et\u00a0de\u00a0faire\u00a0le\u00a0point sur\u00a0dix\u00a0ann\u00e9es d\u2019avanc\u00e9es dans le\u00a0parcours de\u00a0soin et\u00a0le\u00a0traitement des\u00a0amyloses. Une\u00a0place importante sera donn\u00e9e aux\u00a0t\u00e9moignages de\u00a0patients et\u00a0aux\u00a0\u00e9changes pour contribuer \u00e0 l\u2019am\u00e9lioration des\u00a0soins et\u00a0de\u00a0la\u00a0prise en\u00a0charge. L\u2019Association Fran\u00e7aise contre l\u2019Amylose\u00a0cl\u00f4turera [&hellip;]","og_url":"http:\/\/reseau-amylose.org\/soins\/vendredi-17-juin-1er-cfma\/","og_site_name":"R\u00e9seau Amylose - r\u00e9seau de soins","article_published_time":"2022-06-13T07:49:35+00:00","article_modified_time":"2022-06-13T07:51:33+00:00","og_image":[{"url":"https:\/\/reseau-amylose.org\/soins\/wp-content\/uploads\/sites\/4\/2022\/06\/banniere-1024x175.jpeg","type":"","width":"","height":""}],"author":"clotilde","twitter_card":"summary_large_image","twitter_misc":{"\u00c9crit par":"clotilde","Dur\u00e9e de lecture estim\u00e9e":"1 minute"},"schema":{"@context":"https:\/\/schema.org","@graph":[{"@type":"WebPage","@id":"http:\/\/reseau-amylose.org\/soins\/vendredi-17-juin-1er-cfma\/","url":"http:\/\/reseau-amylose.org\/soins\/vendredi-17-juin-1er-cfma\/","name":"Vendredi 17 juin : 1er CFMA - R\u00e9seau Amylose - r\u00e9seau de soins","isPartOf":{"@id":"https:\/\/reseau-amylose.org\/soins\/#website"},"primaryImageOfPage":{"@id":"http:\/\/reseau-amylose.org\/soins\/vendredi-17-juin-1er-cfma\/#primaryimage"},"image":{"@id":"http:\/\/reseau-amylose.org\/soins\/vendredi-17-juin-1er-cfma\/#primaryimage"},"thumbnailUrl":"https:\/\/reseau-amylose.org\/soins\/wp-content\/uploads\/sites\/4\/2022\/06\/banniere-1024x175.jpeg","datePublished":"2022-06-13T07:49:35+00:00","dateModified":"2022-06-13T07:51:33+00:00","author":{"@id":"https:\/\/reseau-amylose.org\/soins\/#\/schema\/person\/8051a9db0408f31b59e66b2cac32d79d"},"breadcrumb":{"@id":"http:\/\/reseau-amylose.org\/soins\/vendredi-17-juin-1er-cfma\/#breadcrumb"},"inLanguage":"fr-FR","potentialAction":[{"@type":"ReadAction","target":["http:\/\/reseau-amylose.org\/soins\/vendredi-17-juin-1er-cfma\/"]}]},{"@type":"ImageObject","inLanguage":"fr-FR","@id":"http:\/\/reseau-amylose.org\/soins\/vendredi-17-juin-1er-cfma\/#primaryimage","url":"https:\/\/reseau-amylose.org\/soins\/wp-content\/uploads\/sites\/4\/2022\/06\/banniere.jpeg","contentUrl":"https:\/\/reseau-amylose.org\/soins\/wp-content\/uploads\/sites\/4\/2022\/06\/banniere.jpeg","width":1170,"height":200},{"@type":"BreadcrumbList","@id":"http:\/\/reseau-amylose.org\/soins\/vendredi-17-juin-1er-cfma\/#breadcrumb","itemListElement":[{"@type":"ListItem","position":1,"name":"Accueil","item":"https:\/\/reseau-amylose.org\/soins\/"},{"@type":"ListItem","position":2,"name":"Vendredi 17 juin : 1er CFMA"}]},{"@type":"WebSite","@id":"https:\/\/reseau-amylose.org\/soins\/#website","url":"https:\/\/reseau-amylose.org\/soins\/","name":"R\u00e9seau Amylose - r\u00e9seau de soins","description":"Centre de r\u00e9f\u00e9rence des amyloses cardiaques","potentialAction":[{"@type":"SearchAction","target":{"@type":"EntryPoint","urlTemplate":"https:\/\/reseau-amylose.org\/soins\/?s={search_term_string}"},"query-input":{"@type":"PropertyValueSpecification","valueRequired":true,"valueName":"search_term_string"}}],"inLanguage":"fr-FR"},{"@type":"Person","@id":"https:\/\/reseau-amylose.org\/soins\/#\/schema\/person\/8051a9db0408f31b59e66b2cac32d79d","name":"clotilde","image":{"@type":"ImageObject","inLanguage":"fr-FR","@id":"https:\/\/reseau-amylose.org\/soins\/#\/schema\/person\/image\/","url":"https:\/\/secure.gravatar.com\/avatar\/3f641b4dd50c316d26405faeae0e8e51a740bc88d8b45a75e5562aa57653f388?s=96&d=mm&r=g","contentUrl":"https:\/\/secure.gravatar.com\/avatar\/3f641b4dd50c316d26405faeae0e8e51a740bc88d8b45a75e5562aa57653f388?s=96&d=mm&r=g","caption":"clotilde"},"url":"https:\/\/reseau-amylose.org\/soins\/author\/clotilde\/"}]}},"jetpack_featured_media_url":"","_links":{"self":[{"href":"https:\/\/reseau-amylose.org\/soins\/wp-json\/wp\/v2\/posts\/3357","targetHints":{"allow":["GET"]}}],"collection":[{"href":"https:\/\/reseau-amylose.org\/soins\/wp-json\/wp\/v2\/posts"}],"about":[{"href":"https:\/\/reseau-amylose.org\/soins\/wp-json\/wp\/v2\/types\/post"}],"author":[{"embeddable":true,"href":"https:\/\/reseau-amylose.org\/soins\/wp-json\/wp\/v2\/users\/2"}],"replies":[{"embeddable":true,"href":"https:\/\/reseau-amylose.org\/soins\/wp-json\/wp\/v2\/comments?post=3357"}],"version-history":[{"count":4,"href":"https:\/\/reseau-amylose.org\/soins\/wp-json\/wp\/v2\/posts\/3357\/revisions"}],"predecessor-version":[{"id":3362,"href":"https:\/\/reseau-amylose.org\/soins\/wp-json\/wp\/v2\/posts\/3357\/revisions\/3362"}],"wp:attachment":[{"href":"https:\/\/reseau-amylose.org\/soins\/wp-json\/wp\/v2\/media?parent=3357"}],"wp:term":[{"taxonomy":"category","embeddable":true,"href":"https:\/\/reseau-amylose.org\/soins\/wp-json\/wp\/v2\/categories?post=3357"},{"taxonomy":"post_tag","embeddable":true,"href":"https:\/\/reseau-amylose.org\/soins\/wp-json\/wp\/v2\/tags?post=3357"}],"curies":[{"name":"wp","href":"https:\/\/api.w.org\/{rel}","templated":true}]}}