{"id":2263,"date":"2020-12-01T09:46:25","date_gmt":"2020-12-01T09:46:25","guid":{"rendered":"https:\/\/www.reseau-amylose.org\/soins\/?p=2263"},"modified":"2020-12-01T09:46:25","modified_gmt":"2020-12-01T09:46:25","slug":"8eme-journee-francophone-multidisciplinaire-des-amyloses-jfma-vendredi-18-decembre","status":"publish","type":"post","link":"https:\/\/reseau-amylose.org\/soins\/8eme-journee-francophone-multidisciplinaire-des-amyloses-jfma-vendredi-18-decembre\/","title":{"rendered":"8\u00e8me Journ\u00e9e Francophone Multidisciplinaire des Amyloses (JFMA) &#8211; Vendredi 18 d\u00e9cembre"},"content":{"rendered":"\t\t<div data-elementor-type=\"wp-post\" data-elementor-id=\"2263\" class=\"elementor elementor-2263\" data-elementor-post-type=\"post\">\n\t\t\t\t\t\t<section class=\"elementor-section elementor-top-section elementor-element elementor-element-294cb2fd elementor-section-content-middle elementor-section-boxed elementor-section-height-default elementor-section-height-default\" data-id=\"294cb2fd\" data-element_type=\"section\" data-settings=\"{&quot;background_background&quot;:&quot;classic&quot;}\">\n\t\t\t\t\t\t<div class=\"elementor-container elementor-column-gap-no\">\n\t\t\t\t\t<div class=\"elementor-column elementor-col-100 elementor-top-column elementor-element elementor-element-620654a8\" data-id=\"620654a8\" data-element_type=\"column\">\n\t\t\t<div class=\"elementor-widget-wrap elementor-element-populated\">\n\t\t\t\t\t\t<div class=\"elementor-element elementor-element-76700adb elementor-widget-divider--view-line elementor-widget elementor-widget-divider\" data-id=\"76700adb\" data-element_type=\"widget\" data-widget_type=\"divider.default\">\n\t\t\t\t<div class=\"elementor-widget-container\">\n\t\t\t\t\t\t\t<div class=\"elementor-divider\">\n\t\t\t<span class=\"elementor-divider-separator\">\n\t\t\t\t\t\t<\/span>\n\t\t<\/div>\n\t\t\t\t\t\t<\/div>\n\t\t\t\t<\/div>\n\t\t\t\t\t<\/div>\n\t\t<\/div>\n\t\t\t\t\t<\/div>\n\t\t<\/section>\n\t\t\t\t<section class=\"elementor-section elementor-top-section elementor-element elementor-element-4260499 elementor-section-boxed elementor-section-height-default elementor-section-height-default\" data-id=\"4260499\" data-element_type=\"section\">\n\t\t\t\t\t\t<div class=\"elementor-container elementor-column-gap-default\">\n\t\t\t\t\t<div class=\"elementor-column elementor-col-100 elementor-top-column elementor-element elementor-element-99c311c\" data-id=\"99c311c\" data-element_type=\"column\">\n\t\t\t<div class=\"elementor-widget-wrap elementor-element-populated\">\n\t\t\t\t\t\t<div class=\"elementor-element elementor-element-5778f11 elementor-widget elementor-widget-text-editor\" data-id=\"5778f11\" data-element_type=\"widget\" data-widget_type=\"text-editor.default\">\n\t\t\t\t<div class=\"elementor-widget-container\">\n\t\t\t\t\t\t\t\t\t<p><span style=\"color: #000000;\">Chers amis, chers coll\u00e8gues,<\/span><\/p><p><span style=\"color: #000000;\">La\u00a0situation sanitaire li\u00e9e \u00e0 la\u00a0<span class=\"caps\">COVID<\/span>\u201119\u00a0et\u00a0les\u00a0incertitudes qui\u00a0l\u2019accompagnent nous am\u00e8nent \u00e0 faire \u00e9voluer la\u00a0<strong>8<sup class=\"ord\">e<\/sup> Journ\u00e9e<\/strong><\/span><strong style=\"color: #000000;\">Francophone Mutidisciplinaire de\u00a0l\u2019Amylose<\/strong><span style=\"color: #000000;\">\u00a0vers\u00a0<\/span><strong style=\"color: #000000;\">un\u00a0format 100\u202f% virtuel<\/strong><span style=\"color: #000000;\">. Nous vous donnons donc rendez\u2011vous\u00a0<\/span><strong style=\"color: #000000;\">le\u00a018\u00a0d\u00e9cembre<\/strong><span style=\"color: #000000;\">\u00a0pour cette\u00a0<\/span><strong style=\"color: #000000;\">8<sup class=\"ord\">e<\/sup>\u00a0\u00e9dition en\u00a0direct live<\/strong><span style=\"color: #000000;\">\u00a0sur\u00a0le\u00a0th\u00e8me\u00a0<\/span><strong style=\"color: #000000;\"><span class=\"dquo\">\u00ab<\/span>\u202fLes\u00a0amyloses\u202f: une\u00a0vision partag\u00e9e\u202f<span class=\"dquo\">\u00bb<\/span><\/strong><span style=\"color: #000000;\">.<\/span><\/p><p><a href=\"http:\/\/www.congres-amylose.com\/\"><img fetchpriority=\"high\" decoding=\"async\" class=\"aligncenter wp-image-7560 size-full\" style=\"color: #000000;\" src=\"https:\/\/www.reseau-amylose.org\/wp-content\/uploads\/2020\/12\/Capture-de\u0301cran-2020-12-01-a\u0300-10.56.02-copie-scaled.jpg\" alt=\"\" width=\"2560\" height=\"683\" \/><\/a><span style=\"color: #000000;\"><br \/><\/span><span style=\"color: #000000;\">Cette solution vous permettra, malgr\u00e9 les\u00a0conditions exceptionnelles de\u00a0cette ann\u00e9e, de\u00a0vous former comme si\u00a0vous participiez physiquement au\u00a0congr\u00e8s. Vous pourrez b\u00e9n\u00e9ficier des\u00a0<strong>\u00e9changes et\u00a0des\u00a0discussions entre les\u00a0sp\u00e9cialistes et\u00a0les\u00a0acteurs des\u00a0sp\u00e9cialit\u00e9s m\u00e9dicales et\u00a0biologiques confront\u00e9es au\u00a0diagnostic et\u00a0\u00e0 la\u00a0prise en\u00a0charge des\u00a0patients, suivre l\u2019essentiel des\u00a0actualit\u00e9s<\/strong>\u00a0et\u00a0<strong>poser vos\u00a0questions en\u00a0direct<\/strong>\u00a0via\u00a0un\u00a0tchat.<\/span><br \/><span style=\"color: #000000;\"><strong>Nos\u00a0partenaires sont \u00e0 nos\u00a0c\u00f4t\u00e9s pour contribuer \u00e0 la\u00a0r\u00e9ussite de\u00a0cet\u00a0\u00e9v\u00e8nement<\/strong>\u00a0et\u00a0nous les\u00a0en\u00a0remercions\u00a0vivement.<\/span><br \/><span style=\"color: #000000;\">Le\u00a0comit\u00e9 d\u2019organisation est\u00a0mobilis\u00e9 pour que\u00a0cette\u00a0<strong>8<sup class=\"ord\">e<\/sup>\u00a0<span class=\"caps\">JFMA<\/span><\/strong>\u00a0soit un\u00a0succ\u00e8s.\u00a0<strong>Nous comptons sur\u00a0votre participation et\u00a0vous attendons nombreux en\u00a0ligne<\/strong>\u00a0le\u00a018\u00a0d\u00e9cembre prochain pour partager des\u00a0moments int\u00e9ressants et\u00a0profitables\u202f!<\/span><\/p><p><span style=\"color: #000000;\">Le\u00a0comit\u00e9 d\u2019organisation<\/span><\/p><h3 style=\"text-align: center;\">Inscription et Programme : <a href=\"http:\/\/www.congres-amylose.com\/\">CLIQUEZ ICI<\/a><\/h3><p><img decoding=\"async\" class=\"aligncenter wp-image-7553 size-full\" src=\"https:\/\/www.reseau-amylose.org\/wp-content\/uploads\/2020\/12\/Banniere-8e-JFMA-630x160-1.jpg\" alt=\"\" width=\"630\" height=\"160\" \/><\/p>\t\t\t\t\t\t\t\t<\/div>\n\t\t\t\t<\/div>\n\t\t\t\t\t<\/div>\n\t\t<\/div>\n\t\t\t\t\t<\/div>\n\t\t<\/section>\n\t\t\t\t<\/div>\n\t\t","protected":false},"excerpt":{"rendered":"<p>Chers amis, chers coll\u00e8gues, La\u00a0situation sanitaire li\u00e9e \u00e0 la\u00a0COVID\u201119\u00a0et\u00a0les\u00a0incertitudes qui\u00a0l\u2019accompagnent nous am\u00e8nent \u00e0 faire \u00e9voluer la\u00a08e Journ\u00e9eFrancophone Mutidisciplinaire de\u00a0l\u2019Amylose\u00a0vers\u00a0un\u00a0format 100\u202f% virtuel. Nous vous donnons donc rendez\u2011vous\u00a0le\u00a018\u00a0d\u00e9cembre\u00a0pour cette\u00a08e\u00a0\u00e9dition en\u00a0direct live\u00a0sur\u00a0le\u00a0th\u00e8me\u00a0\u00ab\u202fLes\u00a0amyloses\u202f: une\u00a0vision partag\u00e9e\u202f\u00bb. Cette solution vous permettra, malgr\u00e9 les\u00a0conditions exceptionnelles de\u00a0cette ann\u00e9e, de\u00a0vous former comme si\u00a0vous participiez physiquement au\u00a0congr\u00e8s. Vous pourrez b\u00e9n\u00e9ficier des\u00a0\u00e9changes et\u00a0des\u00a0discussions entre les\u00a0sp\u00e9cialistes et\u00a0les\u00a0acteurs [&hellip;]<\/p>\n","protected":false},"author":1,"featured_media":0,"comment_status":"open","ping_status":"open","sticky":false,"template":"","format":"standard","meta":{"_monsterinsights_skip_tracking":false,"_monsterinsights_sitenote_active":false,"_monsterinsights_sitenote_note":"","_monsterinsights_sitenote_category":0,"footnotes":""},"categories":[4],"tags":[],"class_list":["post-2263","post","type-post","status-publish","format-standard","hentry","category-uncategorized"],"yoast_head":"<!-- This site is optimized with the Yoast SEO plugin v25.5 - https:\/\/yoast.com\/wordpress\/plugins\/seo\/ -->\n<title>8\u00e8me Journ\u00e9e Francophone Multidisciplinaire des Amyloses (JFMA) - Vendredi 18 d\u00e9cembre - R\u00e9seau Amylose - r\u00e9seau de soins<\/title>\n<meta name=\"robots\" content=\"index, follow, max-snippet:-1, max-image-preview:large, max-video-preview:-1\" \/>\n<link rel=\"canonical\" href=\"http:\/\/reseau-amylose.org\/soins\/8eme-journee-francophone-multidisciplinaire-des-amyloses-jfma-vendredi-18-decembre\/\" \/>\n<meta property=\"og:locale\" content=\"fr_FR\" \/>\n<meta property=\"og:type\" content=\"article\" \/>\n<meta property=\"og:title\" content=\"8\u00e8me Journ\u00e9e Francophone Multidisciplinaire des Amyloses (JFMA) - Vendredi 18 d\u00e9cembre - R\u00e9seau Amylose - r\u00e9seau de soins\" \/>\n<meta property=\"og:description\" content=\"Chers amis, chers coll\u00e8gues, La\u00a0situation sanitaire li\u00e9e \u00e0 la\u00a0COVID\u201119\u00a0et\u00a0les\u00a0incertitudes qui\u00a0l\u2019accompagnent nous am\u00e8nent \u00e0 faire \u00e9voluer la\u00a08e Journ\u00e9eFrancophone Mutidisciplinaire de\u00a0l\u2019Amylose\u00a0vers\u00a0un\u00a0format 100\u202f% virtuel. Nous vous donnons donc rendez\u2011vous\u00a0le\u00a018\u00a0d\u00e9cembre\u00a0pour cette\u00a08e\u00a0\u00e9dition en\u00a0direct live\u00a0sur\u00a0le\u00a0th\u00e8me\u00a0\u00ab\u202fLes\u00a0amyloses\u202f: une\u00a0vision partag\u00e9e\u202f\u00bb. Cette solution vous permettra, malgr\u00e9 les\u00a0conditions exceptionnelles de\u00a0cette ann\u00e9e, de\u00a0vous former comme si\u00a0vous participiez physiquement au\u00a0congr\u00e8s. Vous pourrez b\u00e9n\u00e9ficier des\u00a0\u00e9changes et\u00a0des\u00a0discussions entre les\u00a0sp\u00e9cialistes et\u00a0les\u00a0acteurs [&hellip;]\" \/>\n<meta property=\"og:url\" content=\"http:\/\/reseau-amylose.org\/soins\/8eme-journee-francophone-multidisciplinaire-des-amyloses-jfma-vendredi-18-decembre\/\" \/>\n<meta property=\"og:site_name\" content=\"R\u00e9seau Amylose - r\u00e9seau de soins\" \/>\n<meta property=\"article:published_time\" content=\"2020-12-01T09:46:25+00:00\" \/>\n<meta property=\"og:image\" content=\"https:\/\/www.reseau-amylose.org\/wp-content\/uploads\/2020\/12\/Banniere-8e-JFMA-630x160-1.jpg\" \/>\n<meta name=\"author\" content=\"Admin_Webmaster\" \/>\n<meta name=\"twitter:card\" content=\"summary_large_image\" \/>\n<meta name=\"twitter:label1\" content=\"\u00c9crit par\" \/>\n\t<meta name=\"twitter:data1\" content=\"Admin_Webmaster\" \/>\n\t<meta name=\"twitter:label2\" content=\"Dur\u00e9e de lecture estim\u00e9e\" \/>\n\t<meta name=\"twitter:data2\" content=\"1 minute\" \/>\n<script type=\"application\/ld+json\" class=\"yoast-schema-graph\">{\"@context\":\"https:\/\/schema.org\",\"@graph\":[{\"@type\":\"WebPage\",\"@id\":\"http:\/\/reseau-amylose.org\/soins\/8eme-journee-francophone-multidisciplinaire-des-amyloses-jfma-vendredi-18-decembre\/\",\"url\":\"http:\/\/reseau-amylose.org\/soins\/8eme-journee-francophone-multidisciplinaire-des-amyloses-jfma-vendredi-18-decembre\/\",\"name\":\"8\u00e8me Journ\u00e9e Francophone Multidisciplinaire des Amyloses (JFMA) - Vendredi 18 d\u00e9cembre - R\u00e9seau Amylose - r\u00e9seau de soins\",\"isPartOf\":{\"@id\":\"https:\/\/reseau-amylose.org\/soins\/#website\"},\"primaryImageOfPage\":{\"@id\":\"http:\/\/reseau-amylose.org\/soins\/8eme-journee-francophone-multidisciplinaire-des-amyloses-jfma-vendredi-18-decembre\/#primaryimage\"},\"image\":{\"@id\":\"http:\/\/reseau-amylose.org\/soins\/8eme-journee-francophone-multidisciplinaire-des-amyloses-jfma-vendredi-18-decembre\/#primaryimage\"},\"thumbnailUrl\":\"https:\/\/www.reseau-amylose.org\/wp-content\/uploads\/2020\/12\/Banniere-8e-JFMA-630x160-1.jpg\",\"datePublished\":\"2020-12-01T09:46:25+00:00\",\"author\":{\"@id\":\"https:\/\/reseau-amylose.org\/soins\/#\/schema\/person\/c15afa65624515fa91b5a9cbe8dc04d7\"},\"breadcrumb\":{\"@id\":\"http:\/\/reseau-amylose.org\/soins\/8eme-journee-francophone-multidisciplinaire-des-amyloses-jfma-vendredi-18-decembre\/#breadcrumb\"},\"inLanguage\":\"fr-FR\",\"potentialAction\":[{\"@type\":\"ReadAction\",\"target\":[\"http:\/\/reseau-amylose.org\/soins\/8eme-journee-francophone-multidisciplinaire-des-amyloses-jfma-vendredi-18-decembre\/\"]}]},{\"@type\":\"ImageObject\",\"inLanguage\":\"fr-FR\",\"@id\":\"http:\/\/reseau-amylose.org\/soins\/8eme-journee-francophone-multidisciplinaire-des-amyloses-jfma-vendredi-18-decembre\/#primaryimage\",\"url\":\"https:\/\/www.reseau-amylose.org\/wp-content\/uploads\/2020\/12\/Banniere-8e-JFMA-630x160-1.jpg\",\"contentUrl\":\"https:\/\/www.reseau-amylose.org\/wp-content\/uploads\/2020\/12\/Banniere-8e-JFMA-630x160-1.jpg\"},{\"@type\":\"BreadcrumbList\",\"@id\":\"http:\/\/reseau-amylose.org\/soins\/8eme-journee-francophone-multidisciplinaire-des-amyloses-jfma-vendredi-18-decembre\/#breadcrumb\",\"itemListElement\":[{\"@type\":\"ListItem\",\"position\":1,\"name\":\"Accueil\",\"item\":\"https:\/\/reseau-amylose.org\/soins\/\"},{\"@type\":\"ListItem\",\"position\":2,\"name\":\"8\u00e8me Journ\u00e9e Francophone Multidisciplinaire des Amyloses (JFMA) &#8211; Vendredi 18 d\u00e9cembre\"}]},{\"@type\":\"WebSite\",\"@id\":\"https:\/\/reseau-amylose.org\/soins\/#website\",\"url\":\"https:\/\/reseau-amylose.org\/soins\/\",\"name\":\"R\u00e9seau Amylose - r\u00e9seau de soins\",\"description\":\"Centre de r\u00e9f\u00e9rence des amyloses cardiaques\",\"potentialAction\":[{\"@type\":\"SearchAction\",\"target\":{\"@type\":\"EntryPoint\",\"urlTemplate\":\"https:\/\/reseau-amylose.org\/soins\/?s={search_term_string}\"},\"query-input\":{\"@type\":\"PropertyValueSpecification\",\"valueRequired\":true,\"valueName\":\"search_term_string\"}}],\"inLanguage\":\"fr-FR\"},{\"@type\":\"Person\",\"@id\":\"https:\/\/reseau-amylose.org\/soins\/#\/schema\/person\/c15afa65624515fa91b5a9cbe8dc04d7\",\"name\":\"Admin_Webmaster\",\"image\":{\"@type\":\"ImageObject\",\"inLanguage\":\"fr-FR\",\"@id\":\"https:\/\/reseau-amylose.org\/soins\/#\/schema\/person\/image\/\",\"url\":\"https:\/\/secure.gravatar.com\/avatar\/32149a13153561e8d00e947b779097284f1772709457613590cbdcfcf9cda301?s=96&d=mm&r=g\",\"contentUrl\":\"https:\/\/secure.gravatar.com\/avatar\/32149a13153561e8d00e947b779097284f1772709457613590cbdcfcf9cda301?s=96&d=mm&r=g\",\"caption\":\"Admin_Webmaster\"},\"sameAs\":[\"http:\/\/dev.reseau-amylose.org\"],\"url\":\"https:\/\/reseau-amylose.org\/soins\/author\/admin_webmaster\/\"}]}<\/script>\n<!-- \/ Yoast SEO plugin. -->","yoast_head_json":{"title":"8\u00e8me Journ\u00e9e Francophone Multidisciplinaire des Amyloses (JFMA) - Vendredi 18 d\u00e9cembre - R\u00e9seau Amylose - r\u00e9seau de soins","robots":{"index":"index","follow":"follow","max-snippet":"max-snippet:-1","max-image-preview":"max-image-preview:large","max-video-preview":"max-video-preview:-1"},"canonical":"http:\/\/reseau-amylose.org\/soins\/8eme-journee-francophone-multidisciplinaire-des-amyloses-jfma-vendredi-18-decembre\/","og_locale":"fr_FR","og_type":"article","og_title":"8\u00e8me Journ\u00e9e Francophone Multidisciplinaire des Amyloses (JFMA) - Vendredi 18 d\u00e9cembre - R\u00e9seau Amylose - r\u00e9seau de soins","og_description":"Chers amis, chers coll\u00e8gues, La\u00a0situation sanitaire li\u00e9e \u00e0 la\u00a0COVID\u201119\u00a0et\u00a0les\u00a0incertitudes qui\u00a0l\u2019accompagnent nous am\u00e8nent \u00e0 faire \u00e9voluer la\u00a08e Journ\u00e9eFrancophone Mutidisciplinaire de\u00a0l\u2019Amylose\u00a0vers\u00a0un\u00a0format 100\u202f% virtuel. Nous vous donnons donc rendez\u2011vous\u00a0le\u00a018\u00a0d\u00e9cembre\u00a0pour cette\u00a08e\u00a0\u00e9dition en\u00a0direct live\u00a0sur\u00a0le\u00a0th\u00e8me\u00a0\u00ab\u202fLes\u00a0amyloses\u202f: une\u00a0vision partag\u00e9e\u202f\u00bb. Cette solution vous permettra, malgr\u00e9 les\u00a0conditions exceptionnelles de\u00a0cette ann\u00e9e, de\u00a0vous former comme si\u00a0vous participiez physiquement au\u00a0congr\u00e8s. Vous pourrez b\u00e9n\u00e9ficier des\u00a0\u00e9changes et\u00a0des\u00a0discussions entre les\u00a0sp\u00e9cialistes et\u00a0les\u00a0acteurs [&hellip;]","og_url":"http:\/\/reseau-amylose.org\/soins\/8eme-journee-francophone-multidisciplinaire-des-amyloses-jfma-vendredi-18-decembre\/","og_site_name":"R\u00e9seau Amylose - r\u00e9seau de soins","article_published_time":"2020-12-01T09:46:25+00:00","og_image":[{"url":"https:\/\/www.reseau-amylose.org\/wp-content\/uploads\/2020\/12\/Banniere-8e-JFMA-630x160-1.jpg","type":"","width":"","height":""}],"author":"Admin_Webmaster","twitter_card":"summary_large_image","twitter_misc":{"\u00c9crit par":"Admin_Webmaster","Dur\u00e9e de lecture estim\u00e9e":"1 minute"},"schema":{"@context":"https:\/\/schema.org","@graph":[{"@type":"WebPage","@id":"http:\/\/reseau-amylose.org\/soins\/8eme-journee-francophone-multidisciplinaire-des-amyloses-jfma-vendredi-18-decembre\/","url":"http:\/\/reseau-amylose.org\/soins\/8eme-journee-francophone-multidisciplinaire-des-amyloses-jfma-vendredi-18-decembre\/","name":"8\u00e8me Journ\u00e9e Francophone Multidisciplinaire des Amyloses (JFMA) - Vendredi 18 d\u00e9cembre - R\u00e9seau Amylose - r\u00e9seau de soins","isPartOf":{"@id":"https:\/\/reseau-amylose.org\/soins\/#website"},"primaryImageOfPage":{"@id":"http:\/\/reseau-amylose.org\/soins\/8eme-journee-francophone-multidisciplinaire-des-amyloses-jfma-vendredi-18-decembre\/#primaryimage"},"image":{"@id":"http:\/\/reseau-amylose.org\/soins\/8eme-journee-francophone-multidisciplinaire-des-amyloses-jfma-vendredi-18-decembre\/#primaryimage"},"thumbnailUrl":"https:\/\/www.reseau-amylose.org\/wp-content\/uploads\/2020\/12\/Banniere-8e-JFMA-630x160-1.jpg","datePublished":"2020-12-01T09:46:25+00:00","author":{"@id":"https:\/\/reseau-amylose.org\/soins\/#\/schema\/person\/c15afa65624515fa91b5a9cbe8dc04d7"},"breadcrumb":{"@id":"http:\/\/reseau-amylose.org\/soins\/8eme-journee-francophone-multidisciplinaire-des-amyloses-jfma-vendredi-18-decembre\/#breadcrumb"},"inLanguage":"fr-FR","potentialAction":[{"@type":"ReadAction","target":["http:\/\/reseau-amylose.org\/soins\/8eme-journee-francophone-multidisciplinaire-des-amyloses-jfma-vendredi-18-decembre\/"]}]},{"@type":"ImageObject","inLanguage":"fr-FR","@id":"http:\/\/reseau-amylose.org\/soins\/8eme-journee-francophone-multidisciplinaire-des-amyloses-jfma-vendredi-18-decembre\/#primaryimage","url":"https:\/\/www.reseau-amylose.org\/wp-content\/uploads\/2020\/12\/Banniere-8e-JFMA-630x160-1.jpg","contentUrl":"https:\/\/www.reseau-amylose.org\/wp-content\/uploads\/2020\/12\/Banniere-8e-JFMA-630x160-1.jpg"},{"@type":"BreadcrumbList","@id":"http:\/\/reseau-amylose.org\/soins\/8eme-journee-francophone-multidisciplinaire-des-amyloses-jfma-vendredi-18-decembre\/#breadcrumb","itemListElement":[{"@type":"ListItem","position":1,"name":"Accueil","item":"https:\/\/reseau-amylose.org\/soins\/"},{"@type":"ListItem","position":2,"name":"8\u00e8me Journ\u00e9e Francophone Multidisciplinaire des Amyloses (JFMA) &#8211; Vendredi 18 d\u00e9cembre"}]},{"@type":"WebSite","@id":"https:\/\/reseau-amylose.org\/soins\/#website","url":"https:\/\/reseau-amylose.org\/soins\/","name":"R\u00e9seau Amylose - r\u00e9seau de soins","description":"Centre de r\u00e9f\u00e9rence des amyloses cardiaques","potentialAction":[{"@type":"SearchAction","target":{"@type":"EntryPoint","urlTemplate":"https:\/\/reseau-amylose.org\/soins\/?s={search_term_string}"},"query-input":{"@type":"PropertyValueSpecification","valueRequired":true,"valueName":"search_term_string"}}],"inLanguage":"fr-FR"},{"@type":"Person","@id":"https:\/\/reseau-amylose.org\/soins\/#\/schema\/person\/c15afa65624515fa91b5a9cbe8dc04d7","name":"Admin_Webmaster","image":{"@type":"ImageObject","inLanguage":"fr-FR","@id":"https:\/\/reseau-amylose.org\/soins\/#\/schema\/person\/image\/","url":"https:\/\/secure.gravatar.com\/avatar\/32149a13153561e8d00e947b779097284f1772709457613590cbdcfcf9cda301?s=96&d=mm&r=g","contentUrl":"https:\/\/secure.gravatar.com\/avatar\/32149a13153561e8d00e947b779097284f1772709457613590cbdcfcf9cda301?s=96&d=mm&r=g","caption":"Admin_Webmaster"},"sameAs":["http:\/\/dev.reseau-amylose.org"],"url":"https:\/\/reseau-amylose.org\/soins\/author\/admin_webmaster\/"}]}},"jetpack_featured_media_url":"","_links":{"self":[{"href":"https:\/\/reseau-amylose.org\/soins\/wp-json\/wp\/v2\/posts\/2263","targetHints":{"allow":["GET"]}}],"collection":[{"href":"https:\/\/reseau-amylose.org\/soins\/wp-json\/wp\/v2\/posts"}],"about":[{"href":"https:\/\/reseau-amylose.org\/soins\/wp-json\/wp\/v2\/types\/post"}],"author":[{"embeddable":true,"href":"https:\/\/reseau-amylose.org\/soins\/wp-json\/wp\/v2\/users\/1"}],"replies":[{"embeddable":true,"href":"https:\/\/reseau-amylose.org\/soins\/wp-json\/wp\/v2\/comments?post=2263"}],"version-history":[{"count":0,"href":"https:\/\/reseau-amylose.org\/soins\/wp-json\/wp\/v2\/posts\/2263\/revisions"}],"wp:attachment":[{"href":"https:\/\/reseau-amylose.org\/soins\/wp-json\/wp\/v2\/media?parent=2263"}],"wp:term":[{"taxonomy":"category","embeddable":true,"href":"https:\/\/reseau-amylose.org\/soins\/wp-json\/wp\/v2\/categories?post=2263"},{"taxonomy":"post_tag","embeddable":true,"href":"https:\/\/reseau-amylose.org\/soins\/wp-json\/wp\/v2\/tags?post=2263"}],"curies":[{"name":"wp","href":"https:\/\/api.w.org\/{rel}","templated":true}]}}