{"id":6861,"date":"2024-07-30T10:17:17","date_gmt":"2024-07-30T08:17:17","guid":{"rendered":"https:\/\/reseau-amylose.org\/jesuissoignant\/?p=6861"},"modified":"2024-07-30T10:38:25","modified_gmt":"2024-07-30T08:38:25","slug":"7eme-masterclass-amyloses-cardiaques-mac-11-decembre-2024","status":"publish","type":"post","link":"https:\/\/reseau-amylose.org\/jesuissoignant\/7eme-masterclass-amyloses-cardiaques-mac-11-decembre-2024\/","title":{"rendered":"7eme Masterclass Amyloses Cardiaques (MAC &#8211; 11 d\u00e9cembre 2024"},"content":{"rendered":"\t\t<div data-elementor-type=\"wp-post\" data-elementor-id=\"6861\" class=\"elementor elementor-6861\" data-elementor-post-type=\"post\">\n\t\t\t\t\t\t<section class=\"elementor-section elementor-top-section elementor-element elementor-element-4d09f73 elementor-section-boxed elementor-section-height-default elementor-section-height-default\" data-id=\"4d09f73\" data-element_type=\"section\">\n\t\t\t\t\t\t<div class=\"elementor-container elementor-column-gap-default\">\n\t\t\t\t\t<div class=\"elementor-column elementor-col-100 elementor-top-column elementor-element elementor-element-32c9966\" data-id=\"32c9966\" data-element_type=\"column\">\n\t\t\t<div class=\"elementor-widget-wrap elementor-element-populated\">\n\t\t\t\t\t\t<div class=\"elementor-element elementor-element-828bf50 elementor-widget elementor-widget-heading\" data-id=\"828bf50\" data-element_type=\"widget\" data-widget_type=\"heading.default\">\n\t\t\t\t<div class=\"elementor-widget-container\">\n\t\t\t\t\t<h1 class=\"elementor-heading-title elementor-size-default\">7\u00e8me Masterclass Amyloses Cardiaques MAC - 11 de\u0301cembre 2024<\/h1>\t\t\t\t<\/div>\n\t\t\t\t<\/div>\n\t\t\t\t\t<\/div>\n\t\t<\/div>\n\t\t\t\t\t<\/div>\n\t\t<\/section>\n\t\t\t\t<section class=\"elementor-section elementor-top-section elementor-element elementor-element-dd16e13 elementor-section-boxed elementor-section-height-default elementor-section-height-default\" data-id=\"dd16e13\" data-element_type=\"section\">\n\t\t\t\t\t\t<div class=\"elementor-container elementor-column-gap-default\">\n\t\t\t\t\t<div class=\"elementor-column elementor-col-100 elementor-top-column elementor-element elementor-element-d4613dc\" data-id=\"d4613dc\" data-element_type=\"column\">\n\t\t\t<div class=\"elementor-widget-wrap elementor-element-populated\">\n\t\t\t\t\t\t<div class=\"elementor-element elementor-element-71e326b elementor-widget elementor-widget-text-editor\" data-id=\"71e326b\" data-element_type=\"widget\" data-widget_type=\"text-editor.default\">\n\t\t\t\t<div class=\"elementor-widget-container\">\n\t\t\t\t\t\t\t\t\t<p>Nous sommes heureux de vous convier \u00e0 la\u00a0<strong>7e Masterclass Amyloses Cardiaques<\/strong>\u00a0qui se d\u00e9roulera\u00a0<strong>mercredi 11 d\u00e9cembre 2024<\/strong>\u00a0sur le th\u00e8me\u00a0<strong><em>\u00ab\u00a0Amyloses cardiaques, soigner ensemble mieux, et gu\u00e9rir bient\u00f4t\u00a0!\u00a0\u00bb<\/em><\/strong><\/p><p>Ce programme s\u2019adressera\u00a0<strong>aux cardiologues, aux attach\u00e9s de recherche clinique, aux infirmiers de coordination ainsi qu\u2019aux professionnels param\u00e9dicaux des centres de r\u00e9f\u00e9rence\u00a0<\/strong>souhaitant<strong>\u00a0am\u00e9liorer leurs connaissances et leurs comp\u00e9tences pour une meilleure prise en charge des patients<\/strong>.<\/p><p>Il b\u00e9n\u00e9ficiera de\u00a0<strong>l\u2019apport d\u2019experts fran\u00e7ais reconnus<\/strong>\u00a0et comportera\u00a0<strong>des aspects th\u00e9oriques et surtout pratiques<\/strong>.<\/p><p>La rencontre aura lieu\u00a0<strong>en pr\u00e9sentiel \u00e0 l\u2019Espace Saint-Martin \u00e0 Paris<\/strong>\u00a0et sera \u00e9galement\u00a0<strong>retransmise en direct sur une plateforme d\u00e9di\u00e9e<\/strong>.<\/p><p><strong>L\u2019inscription \u00e0 la 7e Masterclass est gratuite<\/strong>\u00a0aussi nous vous invitons \u00e0\u00a0<strong>confirmer au plus vite votre participation<\/strong>, le nombre de places est en effet limit\u00e9 afin de\u00a0<strong>garantir la qualit\u00e9 des \u00e9changes et une grande interactivit\u00e9<\/strong>.<\/p><p>Nous nous r\u00e9jouissons de\u00a0<strong>vous retrouver le 11 d\u00e9cembre prochain en pr\u00e9sentiel<\/strong>\u00a0\u00e0 la Fondation Biermans-Lap\u00f4tre \u00e0 Paris ou\u00a0<strong>sur le \u00abdirect live\u00bb de cette 7<sup>e<\/sup>\u00a0Masterclass\u00a0<\/strong>!<\/p><p>\u00a0<\/p><p>Pour le comit\u00e9 scientifique<\/p><p><strong>Thibaud Damy \u2013 Silvia Oghina \u2013 Olivier Lairez<\/strong><\/p>\t\t\t\t\t\t\t\t<\/div>\n\t\t\t\t<\/div>\n\t\t\t\t\t<\/div>\n\t\t<\/div>\n\t\t\t\t\t<\/div>\n\t\t<\/section>\n\t\t\t\t<section class=\"elementor-section elementor-top-section elementor-element elementor-element-f3e7425 elementor-section-boxed elementor-section-height-default elementor-section-height-default\" data-id=\"f3e7425\" data-element_type=\"section\">\n\t\t\t\t\t\t<div class=\"elementor-container elementor-column-gap-default\">\n\t\t\t\t\t<div class=\"elementor-column elementor-col-100 elementor-top-column elementor-element elementor-element-8bfadb5\" data-id=\"8bfadb5\" data-element_type=\"column\">\n\t\t\t<div class=\"elementor-widget-wrap elementor-element-populated\">\n\t\t\t\t\t\t<div class=\"elementor-element elementor-element-bbaa871 elementor-align-center elementor-widget elementor-widget-button\" data-id=\"bbaa871\" data-element_type=\"widget\" data-widget_type=\"button.default\">\n\t\t\t\t<div class=\"elementor-widget-container\">\n\t\t\t\t\t\t\t\t\t<div class=\"elementor-button-wrapper\">\n\t\t\t\t\t<a class=\"elementor-button elementor-button-link elementor-size-sm\" href=\"https:\/\/masterclass-amylose.com\/\" target=\"_blank\">\n\t\t\t\t\t\t<span class=\"elementor-button-content-wrapper\">\n\t\t\t\t\t\t\t\t\t<span class=\"elementor-button-text\">Inscrivez-vous<\/span>\n\t\t\t\t\t<\/span>\n\t\t\t\t\t<\/a>\n\t\t\t\t<\/div>\n\t\t\t\t\t\t\t\t<\/div>\n\t\t\t\t<\/div>\n\t\t\t\t<div class=\"elementor-element elementor-element-34233b1 elementor-widget elementor-widget-image\" data-id=\"34233b1\" data-element_type=\"widget\" data-widget_type=\"image.default\">\n\t\t\t\t<div class=\"elementor-widget-container\">\n\t\t\t\t\t\t\t\t\t\t\t\t\t\t\t<img fetchpriority=\"high\" decoding=\"async\" width=\"1024\" height=\"576\" src=\"https:\/\/reseau-amylose.org\/jesuissoignant\/wp-content\/uploads\/sites\/5\/2024\/07\/7eme-Masterclass-Amyloses-Cardiaques-MAC-11-decembre-2024-1-1024x576.jpg\" class=\"attachment-large size-large wp-image-6865\" alt=\"7e\u0300me-Masterclass-Amyloses-Cardiaques-MAC-11-de\u0301cembre-2024\" srcset=\"https:\/\/reseau-amylose.org\/jesuissoignant\/wp-content\/uploads\/sites\/5\/2024\/07\/7eme-Masterclass-Amyloses-Cardiaques-MAC-11-decembre-2024-1-1024x576.jpg 1024w, https:\/\/reseau-amylose.org\/jesuissoignant\/wp-content\/uploads\/sites\/5\/2024\/07\/7eme-Masterclass-Amyloses-Cardiaques-MAC-11-decembre-2024-1-300x169.jpg 300w, https:\/\/reseau-amylose.org\/jesuissoignant\/wp-content\/uploads\/sites\/5\/2024\/07\/7eme-Masterclass-Amyloses-Cardiaques-MAC-11-decembre-2024-1-768x432.jpg 768w, https:\/\/reseau-amylose.org\/jesuissoignant\/wp-content\/uploads\/sites\/5\/2024\/07\/7eme-Masterclass-Amyloses-Cardiaques-MAC-11-decembre-2024-1-1536x865.jpg 1536w, https:\/\/reseau-amylose.org\/jesuissoignant\/wp-content\/uploads\/sites\/5\/2024\/07\/7eme-Masterclass-Amyloses-Cardiaques-MAC-11-decembre-2024-1-2048x1153.jpg 2048w\" sizes=\"(max-width: 1024px) 100vw, 1024px\" \/>\t\t\t\t\t\t\t\t\t\t\t\t\t\t\t<\/div>\n\t\t\t\t<\/div>\n\t\t\t\t\t<\/div>\n\t\t<\/div>\n\t\t\t\t\t<\/div>\n\t\t<\/section>\n\t\t\t\t<\/div>\n\t\t","protected":false},"excerpt":{"rendered":"<p>7\u00e8me Masterclass Amyloses Cardiaques MAC &#8211; 11 de\u0301cembre 2024 Nous sommes heureux de vous convier \u00e0 la\u00a07e Masterclass Amyloses Cardiaques\u00a0qui se d\u00e9roulera\u00a0mercredi 11 d\u00e9cembre 2024\u00a0sur le th\u00e8me\u00a0\u00ab\u00a0Amyloses cardiaques, soigner ensemble mieux, et gu\u00e9rir bient\u00f4t\u00a0!\u00a0\u00bb Ce programme s\u2019adressera\u00a0aux cardiologues, aux attach\u00e9s de recherche clinique, aux infirmiers de coordination ainsi qu\u2019aux professionnels param\u00e9dicaux des centres de r\u00e9f\u00e9rence\u00a0souhaitant\u00a0am\u00e9liorer [&hellip;]<\/p>\n","protected":false},"author":2,"featured_media":6863,"comment_status":"closed","ping_status":"closed","sticky":false,"template":"","format":"standard","meta":{"_monsterinsights_skip_tracking":false,"_monsterinsights_sitenote_active":false,"_monsterinsights_sitenote_note":"","_monsterinsights_sitenote_category":0,"footnotes":""},"categories":[6],"tags":[],"class_list":["post-6861","post","type-post","status-publish","format-standard","has-post-thumbnail","hentry","category-actualites"],"yoast_head":"<!-- This site is optimized with the Yoast SEO plugin v25.5 - https:\/\/yoast.com\/wordpress\/plugins\/seo\/ -->\n<title>7eme Masterclass Amyloses Cardiaques (MAC - 11 d\u00e9cembre 2024 - R\u00e9seau Amylose<\/title>\n<meta name=\"robots\" content=\"index, follow, max-snippet:-1, max-image-preview:large, max-video-preview:-1\" \/>\n<link rel=\"canonical\" href=\"https:\/\/reseau-amylose.org\/jesuissoignant\/7eme-masterclass-amyloses-cardiaques-mac-11-decembre-2024\/\" \/>\n<meta property=\"og:locale\" content=\"fr_FR\" \/>\n<meta property=\"og:type\" content=\"article\" \/>\n<meta property=\"og:title\" content=\"7eme Masterclass Amyloses Cardiaques (MAC - 11 d\u00e9cembre 2024 - R\u00e9seau Amylose\" \/>\n<meta property=\"og:description\" content=\"7\u00e8me Masterclass Amyloses Cardiaques MAC &#8211; 11 de\u0301cembre 2024 Nous sommes heureux de vous convier \u00e0 la\u00a07e Masterclass Amyloses Cardiaques\u00a0qui se d\u00e9roulera\u00a0mercredi 11 d\u00e9cembre 2024\u00a0sur le th\u00e8me\u00a0\u00ab\u00a0Amyloses cardiaques, soigner ensemble mieux, et gu\u00e9rir bient\u00f4t\u00a0!\u00a0\u00bb Ce programme s\u2019adressera\u00a0aux cardiologues, aux attach\u00e9s de recherche clinique, aux infirmiers de coordination ainsi qu\u2019aux professionnels param\u00e9dicaux des centres de r\u00e9f\u00e9rence\u00a0souhaitant\u00a0am\u00e9liorer [&hellip;]\" \/>\n<meta property=\"og:url\" content=\"https:\/\/reseau-amylose.org\/jesuissoignant\/7eme-masterclass-amyloses-cardiaques-mac-11-decembre-2024\/\" \/>\n<meta property=\"og:site_name\" content=\"R\u00e9seau Amylose\" \/>\n<meta property=\"article:published_time\" content=\"2024-07-30T08:17:17+00:00\" \/>\n<meta property=\"article:modified_time\" content=\"2024-07-30T08:38:25+00:00\" \/>\n<meta property=\"og:image\" content=\"https:\/\/reseau-amylose.org\/jesuissoignant\/wp-content\/uploads\/sites\/5\/2024\/07\/7eme-Masterclass-Amyloses-Cardiaques-MAC-11-decembre-2024.jpg\" \/>\n\t<meta property=\"og:image:width\" content=\"1200\" \/>\n\t<meta property=\"og:image:height\" content=\"1200\" \/>\n\t<meta property=\"og:image:type\" content=\"image\/jpeg\" \/>\n<meta name=\"author\" content=\"clotilde\" \/>\n<meta name=\"twitter:card\" content=\"summary_large_image\" \/>\n<meta name=\"twitter:label1\" content=\"\u00c9crit par\" \/>\n\t<meta name=\"twitter:data1\" content=\"clotilde\" \/>\n\t<meta name=\"twitter:label2\" content=\"Dur\u00e9e de lecture estim\u00e9e\" \/>\n\t<meta name=\"twitter:data2\" content=\"2 minutes\" \/>\n<script type=\"application\/ld+json\" class=\"yoast-schema-graph\">{\"@context\":\"https:\/\/schema.org\",\"@graph\":[{\"@type\":\"WebPage\",\"@id\":\"https:\/\/reseau-amylose.org\/jesuissoignant\/7eme-masterclass-amyloses-cardiaques-mac-11-decembre-2024\/\",\"url\":\"https:\/\/reseau-amylose.org\/jesuissoignant\/7eme-masterclass-amyloses-cardiaques-mac-11-decembre-2024\/\",\"name\":\"7eme Masterclass Amyloses Cardiaques (MAC - 11 d\u00e9cembre 2024 - R\u00e9seau Amylose\",\"isPartOf\":{\"@id\":\"https:\/\/reseau-amylose.org\/jesuissoignant\/#website\"},\"primaryImageOfPage\":{\"@id\":\"https:\/\/reseau-amylose.org\/jesuissoignant\/7eme-masterclass-amyloses-cardiaques-mac-11-decembre-2024\/#primaryimage\"},\"image\":{\"@id\":\"https:\/\/reseau-amylose.org\/jesuissoignant\/7eme-masterclass-amyloses-cardiaques-mac-11-decembre-2024\/#primaryimage\"},\"thumbnailUrl\":\"https:\/\/reseau-amylose.org\/jesuissoignant\/wp-content\/uploads\/sites\/5\/2024\/07\/7eme-Masterclass-Amyloses-Cardiaques-MAC-11-decembre-2024.jpg\",\"datePublished\":\"2024-07-30T08:17:17+00:00\",\"dateModified\":\"2024-07-30T08:38:25+00:00\",\"author\":{\"@id\":\"https:\/\/reseau-amylose.org\/jesuissoignant\/#\/schema\/person\/8051a9db0408f31b59e66b2cac32d79d\"},\"breadcrumb\":{\"@id\":\"https:\/\/reseau-amylose.org\/jesuissoignant\/7eme-masterclass-amyloses-cardiaques-mac-11-decembre-2024\/#breadcrumb\"},\"inLanguage\":\"fr-FR\",\"potentialAction\":[{\"@type\":\"ReadAction\",\"target\":[\"https:\/\/reseau-amylose.org\/jesuissoignant\/7eme-masterclass-amyloses-cardiaques-mac-11-decembre-2024\/\"]}]},{\"@type\":\"ImageObject\",\"inLanguage\":\"fr-FR\",\"@id\":\"https:\/\/reseau-amylose.org\/jesuissoignant\/7eme-masterclass-amyloses-cardiaques-mac-11-decembre-2024\/#primaryimage\",\"url\":\"https:\/\/reseau-amylose.org\/jesuissoignant\/wp-content\/uploads\/sites\/5\/2024\/07\/7eme-Masterclass-Amyloses-Cardiaques-MAC-11-decembre-2024.jpg\",\"contentUrl\":\"https:\/\/reseau-amylose.org\/jesuissoignant\/wp-content\/uploads\/sites\/5\/2024\/07\/7eme-Masterclass-Amyloses-Cardiaques-MAC-11-decembre-2024.jpg\",\"width\":1200,\"height\":1200,\"caption\":\"7eme-Masterclass-Amyloses-Cardiaques-MAC-11-de\u0301cembre-2024\"},{\"@type\":\"BreadcrumbList\",\"@id\":\"https:\/\/reseau-amylose.org\/jesuissoignant\/7eme-masterclass-amyloses-cardiaques-mac-11-decembre-2024\/#breadcrumb\",\"itemListElement\":[{\"@type\":\"ListItem\",\"position\":1,\"name\":\"Accueil\",\"item\":\"https:\/\/reseau-amylose.org\/jesuissoignant\/\"},{\"@type\":\"ListItem\",\"position\":2,\"name\":\"7eme Masterclass Amyloses Cardiaques (MAC &#8211; 11 d\u00e9cembre 2024\"}]},{\"@type\":\"WebSite\",\"@id\":\"https:\/\/reseau-amylose.org\/jesuissoignant\/#website\",\"url\":\"https:\/\/reseau-amylose.org\/jesuissoignant\/\",\"name\":\"R\u00e9seau Amylose\",\"description\":\"Centre de r\u00e9f\u00e9rence des amyloses cardiaques espace soignant\",\"potentialAction\":[{\"@type\":\"SearchAction\",\"target\":{\"@type\":\"EntryPoint\",\"urlTemplate\":\"https:\/\/reseau-amylose.org\/jesuissoignant\/?s={search_term_string}\"},\"query-input\":{\"@type\":\"PropertyValueSpecification\",\"valueRequired\":true,\"valueName\":\"search_term_string\"}}],\"inLanguage\":\"fr-FR\"},{\"@type\":\"Person\",\"@id\":\"https:\/\/reseau-amylose.org\/jesuissoignant\/#\/schema\/person\/8051a9db0408f31b59e66b2cac32d79d\",\"name\":\"clotilde\",\"image\":{\"@type\":\"ImageObject\",\"inLanguage\":\"fr-FR\",\"@id\":\"https:\/\/reseau-amylose.org\/jesuissoignant\/#\/schema\/person\/image\/\",\"url\":\"https:\/\/secure.gravatar.com\/avatar\/3f641b4dd50c316d26405faeae0e8e51a740bc88d8b45a75e5562aa57653f388?s=96&d=mm&r=g\",\"contentUrl\":\"https:\/\/secure.gravatar.com\/avatar\/3f641b4dd50c316d26405faeae0e8e51a740bc88d8b45a75e5562aa57653f388?s=96&d=mm&r=g\",\"caption\":\"clotilde\"},\"url\":\"https:\/\/reseau-amylose.org\/jesuissoignant\/author\/clotilde\/\"}]}<\/script>\n<!-- \/ Yoast SEO plugin. -->","yoast_head_json":{"title":"7eme Masterclass Amyloses Cardiaques (MAC - 11 d\u00e9cembre 2024 - R\u00e9seau Amylose","robots":{"index":"index","follow":"follow","max-snippet":"max-snippet:-1","max-image-preview":"max-image-preview:large","max-video-preview":"max-video-preview:-1"},"canonical":"https:\/\/reseau-amylose.org\/jesuissoignant\/7eme-masterclass-amyloses-cardiaques-mac-11-decembre-2024\/","og_locale":"fr_FR","og_type":"article","og_title":"7eme Masterclass Amyloses Cardiaques (MAC - 11 d\u00e9cembre 2024 - R\u00e9seau Amylose","og_description":"7\u00e8me Masterclass Amyloses Cardiaques MAC &#8211; 11 de\u0301cembre 2024 Nous sommes heureux de vous convier \u00e0 la\u00a07e Masterclass Amyloses Cardiaques\u00a0qui se d\u00e9roulera\u00a0mercredi 11 d\u00e9cembre 2024\u00a0sur le th\u00e8me\u00a0\u00ab\u00a0Amyloses cardiaques, soigner ensemble mieux, et gu\u00e9rir bient\u00f4t\u00a0!\u00a0\u00bb Ce programme s\u2019adressera\u00a0aux cardiologues, aux attach\u00e9s de recherche clinique, aux infirmiers de coordination ainsi qu\u2019aux professionnels param\u00e9dicaux des centres de r\u00e9f\u00e9rence\u00a0souhaitant\u00a0am\u00e9liorer [&hellip;]","og_url":"https:\/\/reseau-amylose.org\/jesuissoignant\/7eme-masterclass-amyloses-cardiaques-mac-11-decembre-2024\/","og_site_name":"R\u00e9seau Amylose","article_published_time":"2024-07-30T08:17:17+00:00","article_modified_time":"2024-07-30T08:38:25+00:00","og_image":[{"width":1200,"height":1200,"url":"https:\/\/reseau-amylose.org\/jesuissoignant\/wp-content\/uploads\/sites\/5\/2024\/07\/7eme-Masterclass-Amyloses-Cardiaques-MAC-11-decembre-2024.jpg","type":"image\/jpeg"}],"author":"clotilde","twitter_card":"summary_large_image","twitter_misc":{"\u00c9crit par":"clotilde","Dur\u00e9e de lecture estim\u00e9e":"2 minutes"},"schema":{"@context":"https:\/\/schema.org","@graph":[{"@type":"WebPage","@id":"https:\/\/reseau-amylose.org\/jesuissoignant\/7eme-masterclass-amyloses-cardiaques-mac-11-decembre-2024\/","url":"https:\/\/reseau-amylose.org\/jesuissoignant\/7eme-masterclass-amyloses-cardiaques-mac-11-decembre-2024\/","name":"7eme Masterclass Amyloses Cardiaques (MAC - 11 d\u00e9cembre 2024 - R\u00e9seau Amylose","isPartOf":{"@id":"https:\/\/reseau-amylose.org\/jesuissoignant\/#website"},"primaryImageOfPage":{"@id":"https:\/\/reseau-amylose.org\/jesuissoignant\/7eme-masterclass-amyloses-cardiaques-mac-11-decembre-2024\/#primaryimage"},"image":{"@id":"https:\/\/reseau-amylose.org\/jesuissoignant\/7eme-masterclass-amyloses-cardiaques-mac-11-decembre-2024\/#primaryimage"},"thumbnailUrl":"https:\/\/reseau-amylose.org\/jesuissoignant\/wp-content\/uploads\/sites\/5\/2024\/07\/7eme-Masterclass-Amyloses-Cardiaques-MAC-11-decembre-2024.jpg","datePublished":"2024-07-30T08:17:17+00:00","dateModified":"2024-07-30T08:38:25+00:00","author":{"@id":"https:\/\/reseau-amylose.org\/jesuissoignant\/#\/schema\/person\/8051a9db0408f31b59e66b2cac32d79d"},"breadcrumb":{"@id":"https:\/\/reseau-amylose.org\/jesuissoignant\/7eme-masterclass-amyloses-cardiaques-mac-11-decembre-2024\/#breadcrumb"},"inLanguage":"fr-FR","potentialAction":[{"@type":"ReadAction","target":["https:\/\/reseau-amylose.org\/jesuissoignant\/7eme-masterclass-amyloses-cardiaques-mac-11-decembre-2024\/"]}]},{"@type":"ImageObject","inLanguage":"fr-FR","@id":"https:\/\/reseau-amylose.org\/jesuissoignant\/7eme-masterclass-amyloses-cardiaques-mac-11-decembre-2024\/#primaryimage","url":"https:\/\/reseau-amylose.org\/jesuissoignant\/wp-content\/uploads\/sites\/5\/2024\/07\/7eme-Masterclass-Amyloses-Cardiaques-MAC-11-decembre-2024.jpg","contentUrl":"https:\/\/reseau-amylose.org\/jesuissoignant\/wp-content\/uploads\/sites\/5\/2024\/07\/7eme-Masterclass-Amyloses-Cardiaques-MAC-11-decembre-2024.jpg","width":1200,"height":1200,"caption":"7eme-Masterclass-Amyloses-Cardiaques-MAC-11-de\u0301cembre-2024"},{"@type":"BreadcrumbList","@id":"https:\/\/reseau-amylose.org\/jesuissoignant\/7eme-masterclass-amyloses-cardiaques-mac-11-decembre-2024\/#breadcrumb","itemListElement":[{"@type":"ListItem","position":1,"name":"Accueil","item":"https:\/\/reseau-amylose.org\/jesuissoignant\/"},{"@type":"ListItem","position":2,"name":"7eme Masterclass Amyloses Cardiaques (MAC &#8211; 11 d\u00e9cembre 2024"}]},{"@type":"WebSite","@id":"https:\/\/reseau-amylose.org\/jesuissoignant\/#website","url":"https:\/\/reseau-amylose.org\/jesuissoignant\/","name":"R\u00e9seau Amylose","description":"Centre de r\u00e9f\u00e9rence des amyloses cardiaques espace soignant","potentialAction":[{"@type":"SearchAction","target":{"@type":"EntryPoint","urlTemplate":"https:\/\/reseau-amylose.org\/jesuissoignant\/?s={search_term_string}"},"query-input":{"@type":"PropertyValueSpecification","valueRequired":true,"valueName":"search_term_string"}}],"inLanguage":"fr-FR"},{"@type":"Person","@id":"https:\/\/reseau-amylose.org\/jesuissoignant\/#\/schema\/person\/8051a9db0408f31b59e66b2cac32d79d","name":"clotilde","image":{"@type":"ImageObject","inLanguage":"fr-FR","@id":"https:\/\/reseau-amylose.org\/jesuissoignant\/#\/schema\/person\/image\/","url":"https:\/\/secure.gravatar.com\/avatar\/3f641b4dd50c316d26405faeae0e8e51a740bc88d8b45a75e5562aa57653f388?s=96&d=mm&r=g","contentUrl":"https:\/\/secure.gravatar.com\/avatar\/3f641b4dd50c316d26405faeae0e8e51a740bc88d8b45a75e5562aa57653f388?s=96&d=mm&r=g","caption":"clotilde"},"url":"https:\/\/reseau-amylose.org\/jesuissoignant\/author\/clotilde\/"}]}},"jetpack_featured_media_url":"https:\/\/reseau-amylose.org\/jesuissoignant\/wp-content\/uploads\/sites\/5\/2024\/07\/7eme-Masterclass-Amyloses-Cardiaques-MAC-11-decembre-2024.jpg","_links":{"self":[{"href":"https:\/\/reseau-amylose.org\/jesuissoignant\/wp-json\/wp\/v2\/posts\/6861","targetHints":{"allow":["GET"]}}],"collection":[{"href":"https:\/\/reseau-amylose.org\/jesuissoignant\/wp-json\/wp\/v2\/posts"}],"about":[{"href":"https:\/\/reseau-amylose.org\/jesuissoignant\/wp-json\/wp\/v2\/types\/post"}],"author":[{"embeddable":true,"href":"https:\/\/reseau-amylose.org\/jesuissoignant\/wp-json\/wp\/v2\/users\/2"}],"replies":[{"embeddable":true,"href":"https:\/\/reseau-amylose.org\/jesuissoignant\/wp-json\/wp\/v2\/comments?post=6861"}],"version-history":[{"count":4,"href":"https:\/\/reseau-amylose.org\/jesuissoignant\/wp-json\/wp\/v2\/posts\/6861\/revisions"}],"predecessor-version":[{"id":6868,"href":"https:\/\/reseau-amylose.org\/jesuissoignant\/wp-json\/wp\/v2\/posts\/6861\/revisions\/6868"}],"wp:featuredmedia":[{"embeddable":true,"href":"https:\/\/reseau-amylose.org\/jesuissoignant\/wp-json\/wp\/v2\/media\/6863"}],"wp:attachment":[{"href":"https:\/\/reseau-amylose.org\/jesuissoignant\/wp-json\/wp\/v2\/media?parent=6861"}],"wp:term":[{"taxonomy":"category","embeddable":true,"href":"https:\/\/reseau-amylose.org\/jesuissoignant\/wp-json\/wp\/v2\/categories?post=6861"},{"taxonomy":"post_tag","embeddable":true,"href":"https:\/\/reseau-amylose.org\/jesuissoignant\/wp-json\/wp\/v2\/tags?post=6861"}],"curies":[{"name":"wp","href":"https:\/\/api.w.org\/{rel}","templated":true}]}}