{"id":4275,"date":"2025-07-17T16:16:06","date_gmt":"2025-07-17T14:16:06","guid":{"rendered":"https:\/\/reseau-amylose.org\/jesuispatient\/?p=4275"},"modified":"2025-10-23T18:06:44","modified_gmt":"2025-10-23T16:06:44","slug":"masterclass-amyloses-cardiaques-2025","status":"publish","type":"post","link":"https:\/\/reseau-amylose.org\/jesuispatient\/masterclass-amyloses-cardiaques-2025\/","title":{"rendered":"\ud83d\udce2 8e Masterclass Amyloses Cardiaques \u2013 Jeudi 18 d\u00e9cembre 2025"},"content":{"rendered":"\t\t<div data-elementor-type=\"wp-post\" data-elementor-id=\"4275\" class=\"elementor elementor-4275\" data-elementor-post-type=\"post\">\n\t\t\t\t\t\t<section class=\"elementor-section elementor-top-section elementor-element elementor-element-b2895ab elementor-section-boxed elementor-section-height-default elementor-section-height-default\" data-id=\"b2895ab\" data-element_type=\"section\">\n\t\t\t\t\t\t<div class=\"elementor-container elementor-column-gap-default\">\n\t\t\t\t\t<div class=\"elementor-column elementor-col-100 elementor-top-column elementor-element elementor-element-7e723e7\" data-id=\"7e723e7\" data-element_type=\"column\">\n\t\t\t<div class=\"elementor-widget-wrap elementor-element-populated\">\n\t\t\t\t\t\t<div class=\"elementor-element elementor-element-bb15184 elementor-widget elementor-widget-text-editor\" data-id=\"bb15184\" data-element_type=\"widget\" data-widget_type=\"text-editor.default\">\n\t\t\t\t<div class=\"elementor-widget-container\">\n\t\t\t\t\t\t\t\t\t<p>\u00a0<\/p><p>\u00a0<\/p>\t\t\t\t\t\t\t\t<\/div>\n\t\t\t\t<\/div>\n\t\t\t\t<div class=\"elementor-element elementor-element-a79c438 elementor-widget elementor-widget-heading\" data-id=\"a79c438\" data-element_type=\"widget\" data-widget_type=\"heading.default\">\n\t\t\t\t<div class=\"elementor-widget-container\">\n\t\t\t\t\t<h1 class=\"elementor-heading-title elementor-size-default\">\ud83d\udcc5 8e Masterclass Amyloses Cardiaques \u2013 18 d\u00e9cembre 2025 \u00e0 Paris et en ligne<\/h1>\t\t\t\t<\/div>\n\t\t\t\t<\/div>\n\t\t\t\t\t<\/div>\n\t\t<\/div>\n\t\t\t\t\t<\/div>\n\t\t<\/section>\n\t\t\t\t<section class=\"elementor-section elementor-top-section elementor-element elementor-element-d037d38 elementor-section-boxed elementor-section-height-default elementor-section-height-default\" data-id=\"d037d38\" data-element_type=\"section\">\n\t\t\t\t\t\t<div class=\"elementor-container elementor-column-gap-default\">\n\t\t\t\t\t<div class=\"elementor-column elementor-col-100 elementor-top-column elementor-element elementor-element-84f609d\" data-id=\"84f609d\" data-element_type=\"column\">\n\t\t\t<div class=\"elementor-widget-wrap elementor-element-populated\">\n\t\t\t\t\t\t<div class=\"elementor-element elementor-element-f7c02f6 elementor-widget elementor-widget-text-editor\" data-id=\"f7c02f6\" data-element_type=\"widget\" data-widget_type=\"text-editor.default\">\n\t\t\t\t<div class=\"elementor-widget-container\">\n\t\t\t\t\t\t\t\t\t<p data-start=\"428\" data-end=\"759\">La <strong data-start=\"431\" data-end=\"469\">8e Masterclass Amyloses Cardiaques<\/strong> se tiendra le <strong data-start=\"484\" data-end=\"510\">jeudi 18 d\u00e9cembre 2025<\/strong>, \u00e0 la <strong data-start=\"517\" data-end=\"547\">Fondation Biermans-Lap\u00f4tre<\/strong> \u00e0 Paris, avec un acc\u00e8s possible en <strong data-start=\"583\" data-end=\"597\">pr\u00e9sentiel<\/strong> et en <strong data-start=\"604\" data-end=\"618\">distanciel<\/strong>. Ce rendez-vous annuel est devenu incontournable pour tous les professionnels impliqu\u00e9s dans la <strong data-start=\"715\" data-end=\"758\">prise en charge des amyloses cardiaques<\/strong>.<\/p><p data-start=\"761\" data-end=\"896\">\ud83d\udc49 <strong data-start=\"764\" data-end=\"822\">Inscriptions et programme complet sur le site officiel<\/strong> :<br data-start=\"824\" data-end=\"827\" \/>\ud83d\udd17 <a class=\"\" href=\"https:\/\/masterclass-amylose.com\" target=\"_new\" rel=\"noopener\" data-start=\"830\" data-end=\"896\">https:\/\/masterclass-amylose.com<\/a><\/p>\t\t\t\t\t\t\t\t<\/div>\n\t\t\t\t<\/div>\n\t\t\t\t<div class=\"elementor-element elementor-element-93112f8 elementor-widget elementor-widget-heading\" data-id=\"93112f8\" data-element_type=\"widget\" data-widget_type=\"heading.default\">\n\t\t\t\t<div class=\"elementor-widget-container\">\n\t\t\t\t\t<h2 class=\"elementor-heading-title elementor-size-default\">\ud83d\udd0d Un \u00e9v\u00e9nement d\u00e9di\u00e9 aux amyloses cardiaques<\/h2>\t\t\t\t<\/div>\n\t\t\t\t<\/div>\n\t\t\t\t<div class=\"elementor-element elementor-element-a81d4fc elementor-widget elementor-widget-text-editor\" data-id=\"a81d4fc\" data-element_type=\"widget\" data-widget_type=\"text-editor.default\">\n\t\t\t\t<div class=\"elementor-widget-container\">\n\t\t\t\t\t\t\t\t\t<p data-start=\"954\" data-end=\"1092\">Organis\u00e9e par des experts reconnus dans le domaine, cette <strong data-start=\"1012\" data-end=\"1067\">Masterclass sur les amyloses cardiaques<\/strong> permet chaque ann\u00e9e de :<\/p><ul><li data-start=\"1096\" data-end=\"1175\">Faire le point sur les <strong data-start=\"1119\" data-end=\"1173\">derni\u00e8res avanc\u00e9es diagnostiques et th\u00e9rapeutiques<\/strong> ;<\/li><li data-start=\"1096\" data-end=\"1175\">Pr\u00e9senter des <strong data-start=\"1192\" data-end=\"1219\">cas cliniques complexes<\/strong> ;<\/li><li data-start=\"1096\" data-end=\"1175\">\u00c9changer entre professionnels de sant\u00e9 autour des <strong data-start=\"1274\" data-end=\"1294\">bonnes pratiques<\/strong> ;<\/li><li data-start=\"1096\" data-end=\"1175\">Mieux comprendre le <strong data-start=\"1319\" data-end=\"1370\">parcours du patient atteint d\u2019amylose cardiaque<\/strong>.<\/li><\/ul>\t\t\t\t\t\t\t\t<\/div>\n\t\t\t\t<\/div>\n\t\t\t\t<div class=\"elementor-element elementor-element-9e9c8cd elementor-align-center elementor-widget elementor-widget-button\" data-id=\"9e9c8cd\" data-element_type=\"widget\" data-widget_type=\"button.default\">\n\t\t\t\t<div class=\"elementor-widget-container\">\n\t\t\t\t\t\t\t\t\t<div class=\"elementor-button-wrapper\">\n\t\t\t\t\t<a class=\"elementor-button elementor-button-link elementor-size-sm\" href=\"https:\/\/reseau-amylose.org\/jesuispatient\/wp-content\/uploads\/sites\/2\/2025\/10\/PROGRAMME_8E-MASTERCLASS-AMYLOSES-CARDIAQUES_20-10-2025_compressed.pdf\" target=\"_blank\">\n\t\t\t\t\t\t<span class=\"elementor-button-content-wrapper\">\n\t\t\t\t\t\t\t\t\t<span class=\"elementor-button-text\">Consultez le programme<\/span>\n\t\t\t\t\t<\/span>\n\t\t\t\t\t<\/a>\n\t\t\t\t<\/div>\n\t\t\t\t\t\t\t\t<\/div>\n\t\t\t\t<\/div>\n\t\t\t\t\t<\/div>\n\t\t<\/div>\n\t\t\t\t\t<\/div>\n\t\t<\/section>\n\t\t\t\t<section class=\"elementor-section elementor-top-section elementor-element elementor-element-c5eaec4 elementor-section-boxed elementor-section-height-default elementor-section-height-default\" data-id=\"c5eaec4\" data-element_type=\"section\">\n\t\t\t\t\t\t<div class=\"elementor-container elementor-column-gap-default\">\n\t\t\t\t\t<div class=\"elementor-column elementor-col-100 elementor-top-column elementor-element elementor-element-2840588\" data-id=\"2840588\" data-element_type=\"column\">\n\t\t\t<div class=\"elementor-widget-wrap elementor-element-populated\">\n\t\t\t\t\t\t<div class=\"elementor-element elementor-element-40f36a2 elementor-widget elementor-widget-heading\" data-id=\"40f36a2\" data-element_type=\"widget\" data-widget_type=\"heading.default\">\n\t\t\t\t<div class=\"elementor-widget-container\">\n\t\t\t\t\t<h2 class=\"elementor-heading-title elementor-size-default\">\ud83c\udfaf Objectifs de la masterclass amyloses cardiaques<\/h2>\t\t\t\t<\/div>\n\t\t\t\t<\/div>\n\t\t\t\t<div class=\"elementor-element elementor-element-b5b9918 elementor-widget elementor-widget-text-editor\" data-id=\"b5b9918\" data-element_type=\"widget\" data-widget_type=\"text-editor.default\">\n\t\t\t\t<div class=\"elementor-widget-container\">\n\t\t\t\t\t\t\t\t\t<p data-start=\"1434\" data-end=\"1509\">Cette journ\u00e9e a pour but de renforcer la formation des professionnels sur :<\/p><ul><li data-start=\"1512\" data-end=\"1590\">Les <strong data-start=\"1516\" data-end=\"1548\">outils de diagnostic pr\u00e9coce<\/strong> de l\u2019amylose cardiaque (AL, ATTR, etc.) ;<\/li><li data-start=\"1512\" data-end=\"1590\">Les <strong data-start=\"1597\" data-end=\"1636\">strat\u00e9gies th\u00e9rapeutiques actuelles<\/strong> et en d\u00e9veloppement ;<\/li><li data-start=\"1512\" data-end=\"1590\">L\u2019impact des <strong data-start=\"1674\" data-end=\"1693\">polypathologies<\/strong> associ\u00e9es et des situations cliniques particuli\u00e8res ;<\/li><li data-start=\"1512\" data-end=\"1590\">Le <strong data-start=\"1753\" data-end=\"1774\">travail en r\u00e9seau<\/strong> entre cardiologues, internistes, neurologues, biologistes, m\u00e9decins g\u00e9n\u00e9ralistes et param\u00e9dicaux.<\/li><\/ul>\t\t\t\t\t\t\t\t<\/div>\n\t\t\t\t<\/div>\n\t\t\t\t\t<\/div>\n\t\t<\/div>\n\t\t\t\t\t<\/div>\n\t\t<\/section>\n\t\t\t\t<section class=\"elementor-section elementor-top-section elementor-element elementor-element-3ea1d46 elementor-section-boxed elementor-section-height-default elementor-section-height-default\" data-id=\"3ea1d46\" data-element_type=\"section\">\n\t\t\t\t\t\t<div class=\"elementor-container elementor-column-gap-default\">\n\t\t\t\t\t<div class=\"elementor-column elementor-col-100 elementor-top-column elementor-element elementor-element-eefe64d\" data-id=\"eefe64d\" data-element_type=\"column\">\n\t\t\t<div class=\"elementor-widget-wrap elementor-element-populated\">\n\t\t\t\t\t\t<div class=\"elementor-element elementor-element-ef780c7 elementor-widget elementor-widget-heading\" data-id=\"ef780c7\" data-element_type=\"widget\" data-widget_type=\"heading.default\">\n\t\t\t\t<div class=\"elementor-widget-container\">\n\t\t\t\t\t<h2 class=\"elementor-heading-title elementor-size-default\">\ud83c\udfdb\ufe0f Informations pratiques<\/h2>\t\t\t\t<\/div>\n\t\t\t\t<\/div>\n\t\t\t\t<div class=\"elementor-element elementor-element-8f8cbd1 elementor-widget elementor-widget-text-editor\" data-id=\"8f8cbd1\" data-element_type=\"widget\" data-widget_type=\"text-editor.default\">\n\t\t\t\t<div class=\"elementor-widget-container\">\n\t\t\t\t\t\t\t\t\t<p data-start=\"1913\" data-end=\"1999\">\ud83d\udccd <strong data-start=\"1916\" data-end=\"1924\">Lieu<\/strong> : Fondation Biermans-Lap\u00f4tre, Cit\u00e9 internationale universitaire de Paris<\/p><p data-start=\"2002\" data-end=\"2040\">\ud83d\udcc6 <strong data-start=\"2005\" data-end=\"2013\">Date<\/strong> : Jeudi 18 d\u00e9cembre 2025<\/p><p data-start=\"2043\" data-end=\"2141\">\ud83d\udcbb <strong data-start=\"2046\" data-end=\"2056\">Format<\/strong> : En <strong data-start=\"2062\" data-end=\"2076\">pr\u00e9sentiel<\/strong> ou <strong data-start=\"2080\" data-end=\"2097\">en distanciel<\/strong>, avec possibilit\u00e9 de suivre en <strong data-start=\"2129\" data-end=\"2139\">replay<\/strong><\/p><p data-start=\"2144\" data-end=\"2307\">\ud83c\udf93 <strong data-start=\"2147\" data-end=\"2166\">Public concern\u00e9<\/strong> : professionnels de sant\u00e9 impliqu\u00e9s dans la prise en charge de l\u2019amylose (cardiologues, internistes, g\u00e9n\u00e9ralistes, pharmaciens, infirmiers\u2026)<\/p>\t\t\t\t\t\t\t\t<\/div>\n\t\t\t\t<\/div>\n\t\t\t\t\t<\/div>\n\t\t<\/div>\n\t\t\t\t\t<\/div>\n\t\t<\/section>\n\t\t\t\t<section class=\"elementor-section elementor-top-section elementor-element elementor-element-b7c04b4 elementor-section-boxed elementor-section-height-default elementor-section-height-default\" data-id=\"b7c04b4\" data-element_type=\"section\">\n\t\t\t\t\t\t<div class=\"elementor-container elementor-column-gap-default\">\n\t\t\t\t\t<div class=\"elementor-column elementor-col-100 elementor-top-column elementor-element elementor-element-166b8e7\" data-id=\"166b8e7\" data-element_type=\"column\">\n\t\t\t<div class=\"elementor-widget-wrap elementor-element-populated\">\n\t\t\t\t\t\t<div class=\"elementor-element elementor-element-60f5b38 elementor-widget elementor-widget-heading\" data-id=\"60f5b38\" data-element_type=\"widget\" data-widget_type=\"heading.default\">\n\t\t\t\t<div class=\"elementor-widget-container\">\n\t\t\t\t\t<h2 class=\"elementor-heading-title elementor-size-default\">\ud83d\udccc Pourquoi participer \u00e0 la Masterclass Amyloses Cardiaques ?<\/h2>\t\t\t\t<\/div>\n\t\t\t\t<\/div>\n\t\t\t\t<div class=\"elementor-element elementor-element-7008f40 elementor-widget elementor-widget-text-editor\" data-id=\"7008f40\" data-element_type=\"widget\" data-widget_type=\"text-editor.default\">\n\t\t\t\t<div class=\"elementor-widget-container\">\n\t\t\t\t\t\t\t\t\t<ul><li data-start=\"2383\" data-end=\"2460\">Mettre \u00e0 jour vos connaissances sur les <strong data-start=\"2423\" data-end=\"2458\">amyloses cardiaques<\/strong><\/li><li data-start=\"2383\" data-end=\"2460\">Approfondir votre pratique clinique gr\u00e2ce \u00e0 des <strong data-start=\"2511\" data-end=\"2527\">cas concrets<\/strong><\/li><li data-start=\"2383\" data-end=\"2460\">Int\u00e9grer un <strong data-start=\"2544\" data-end=\"2578\">r\u00e9seau national et francophone<\/strong> de sp\u00e9cialistes<\/li><li data-start=\"2383\" data-end=\"2460\">Am\u00e9liorer le <strong data-start=\"2612\" data-end=\"2633\">parcours de soins<\/strong> des patients<\/li><\/ul>\t\t\t\t\t\t\t\t<\/div>\n\t\t\t\t<\/div>\n\t\t\t\t\t<\/div>\n\t\t<\/div>\n\t\t\t\t\t<\/div>\n\t\t<\/section>\n\t\t\t\t<section class=\"elementor-section elementor-top-section elementor-element elementor-element-ab2d924 elementor-section-boxed elementor-section-height-default elementor-section-height-default\" data-id=\"ab2d924\" data-element_type=\"section\">\n\t\t\t\t\t\t<div class=\"elementor-container elementor-column-gap-default\">\n\t\t\t\t\t<div class=\"elementor-column elementor-col-100 elementor-top-column elementor-element elementor-element-1598d78\" data-id=\"1598d78\" data-element_type=\"column\">\n\t\t\t<div class=\"elementor-widget-wrap elementor-element-populated\">\n\t\t\t\t\t\t<div class=\"elementor-element elementor-element-cfba917 elementor-widget elementor-widget-image\" data-id=\"cfba917\" data-element_type=\"widget\" data-widget_type=\"image.default\">\n\t\t\t\t<div class=\"elementor-widget-container\">\n\t\t\t\t\t\t\t\t\t\t\t\t\t\t\t<img fetchpriority=\"high\" decoding=\"async\" width=\"1024\" height=\"575\" src=\"https:\/\/reseau-amylose.org\/jesuispatient\/wp-content\/uploads\/sites\/2\/2025\/07\/Inscription-MAC-2025-1024x575.jpg\" class=\"attachment-large size-large wp-image-4285\" alt=\"masterclass-amyloses-cardiaques-2025\" srcset=\"https:\/\/reseau-amylose.org\/jesuispatient\/wp-content\/uploads\/sites\/2\/2025\/07\/Inscription-MAC-2025-1024x575.jpg 1024w, https:\/\/reseau-amylose.org\/jesuispatient\/wp-content\/uploads\/sites\/2\/2025\/07\/Inscription-MAC-2025-300x169.jpg 300w, https:\/\/reseau-amylose.org\/jesuispatient\/wp-content\/uploads\/sites\/2\/2025\/07\/Inscription-MAC-2025-768x432.jpg 768w, https:\/\/reseau-amylose.org\/jesuispatient\/wp-content\/uploads\/sites\/2\/2025\/07\/Inscription-MAC-2025-1536x863.jpg 1536w, https:\/\/reseau-amylose.org\/jesuispatient\/wp-content\/uploads\/sites\/2\/2025\/07\/Inscription-MAC-2025-2048x1151.jpg 2048w\" sizes=\"(max-width: 1024px) 100vw, 1024px\" \/>\t\t\t\t\t\t\t\t\t\t\t\t\t\t\t<\/div>\n\t\t\t\t<\/div>\n\t\t\t\t<div class=\"elementor-element elementor-element-ec9b21f elementor-align-center elementor-widget elementor-widget-button\" data-id=\"ec9b21f\" data-element_type=\"widget\" data-widget_type=\"button.default\">\n\t\t\t\t<div class=\"elementor-widget-container\">\n\t\t\t\t\t\t\t\t\t<div class=\"elementor-button-wrapper\">\n\t\t\t\t\t<a class=\"elementor-button elementor-button-link elementor-size-sm\" href=\"https:\/\/masterclass-amylose.com\/\" target=\"_blank\">\n\t\t\t\t\t\t<span class=\"elementor-button-content-wrapper\">\n\t\t\t\t\t\t\t\t\t<span class=\"elementor-button-text\">INCRIVEZ VOUS<\/span>\n\t\t\t\t\t<\/span>\n\t\t\t\t\t<\/a>\n\t\t\t\t<\/div>\n\t\t\t\t\t\t\t\t<\/div>\n\t\t\t\t<\/div>\n\t\t\t\t\t<\/div>\n\t\t<\/div>\n\t\t\t\t\t<\/div>\n\t\t<\/section>\n\t\t\t\t<\/div>\n\t\t","protected":false},"excerpt":{"rendered":"<p>\u00a0 \u00a0 \ud83d\udcc5 8e Masterclass Amyloses Cardiaques \u2013 18 d\u00e9cembre 2025 \u00e0 Paris et en ligne La 8e Masterclass Amyloses Cardiaques se tiendra le jeudi 18 d\u00e9cembre 2025, \u00e0 la Fondation Biermans-Lap\u00f4tre \u00e0 Paris, avec un acc\u00e8s possible en pr\u00e9sentiel et en distanciel. Ce rendez-vous annuel est devenu incontournable pour tous les professionnels impliqu\u00e9s dans [&hellip;]<\/p>\n","protected":false},"author":2,"featured_media":0,"comment_status":"closed","ping_status":"closed","sticky":false,"template":"","format":"standard","meta":{"_monsterinsights_skip_tracking":false,"_monsterinsights_sitenote_active":false,"_monsterinsights_sitenote_note":"","_monsterinsights_sitenote_category":0,"footnotes":""},"categories":[1],"tags":[],"class_list":["post-4275","post","type-post","status-publish","format-standard","hentry","category-non-classe"],"yoast_head":"<!-- This site is optimized with the Yoast SEO plugin v25.5 - https:\/\/yoast.com\/wordpress\/plugins\/seo\/ -->\n<title>8e Masterclass Amyloses Cardiaques \u2013 18 d\u00e9cembre 2025<\/title>\n<meta name=\"description\" content=\"Participez \u00e0 la 8e Masterclass Amyloses Cardiaques le 18 d\u00e9cembre 2025. Formation, diagnostic, traitement et parcours de soin\" \/>\n<meta name=\"robots\" content=\"index, follow, max-snippet:-1, max-image-preview:large, max-video-preview:-1\" \/>\n<link rel=\"canonical\" href=\"https:\/\/reseau-amylose.org\/jesuispatient\/masterclass-amyloses-cardiaques-2025\/\" \/>\n<meta property=\"og:locale\" content=\"fr_FR\" \/>\n<meta property=\"og:type\" content=\"article\" \/>\n<meta property=\"og:title\" content=\"8e Masterclass Amyloses Cardiaques \u2013 18 d\u00e9cembre 2025\" \/>\n<meta property=\"og:description\" content=\"Participez \u00e0 la 8e Masterclass Amyloses Cardiaques le 18 d\u00e9cembre 2025. Formation, diagnostic, traitement et parcours de soin\" \/>\n<meta property=\"og:url\" content=\"https:\/\/reseau-amylose.org\/jesuispatient\/masterclass-amyloses-cardiaques-2025\/\" \/>\n<meta property=\"og:site_name\" content=\"R\u00e9seau Amylose Site Patient\" \/>\n<meta property=\"article:published_time\" content=\"2025-07-17T14:16:06+00:00\" \/>\n<meta property=\"article:modified_time\" content=\"2025-10-23T16:06:44+00:00\" \/>\n<meta property=\"og:image\" content=\"https:\/\/reseau-amylose.org\/jesuispatient\/wp-content\/uploads\/sites\/2\/2025\/07\/Inscription-MAC-2025-1024x575.jpg\" \/>\n<meta name=\"author\" content=\"clotilde\" \/>\n<meta name=\"twitter:card\" content=\"summary_large_image\" \/>\n<meta name=\"twitter:label1\" content=\"\u00c9crit par\" \/>\n\t<meta name=\"twitter:data1\" content=\"clotilde\" \/>\n\t<meta name=\"twitter:label2\" content=\"Dur\u00e9e de lecture estim\u00e9e\" \/>\n\t<meta name=\"twitter:data2\" content=\"4 minutes\" \/>\n<script type=\"application\/ld+json\" class=\"yoast-schema-graph\">{\"@context\":\"https:\/\/schema.org\",\"@graph\":[{\"@type\":\"WebPage\",\"@id\":\"https:\/\/reseau-amylose.org\/jesuispatient\/masterclass-amyloses-cardiaques-2025\/\",\"url\":\"https:\/\/reseau-amylose.org\/jesuispatient\/masterclass-amyloses-cardiaques-2025\/\",\"name\":\"8e Masterclass Amyloses Cardiaques \u2013 18 d\u00e9cembre 2025\",\"isPartOf\":{\"@id\":\"https:\/\/reseau-amylose.org\/jesuispatient\/#website\"},\"primaryImageOfPage\":{\"@id\":\"https:\/\/reseau-amylose.org\/jesuispatient\/masterclass-amyloses-cardiaques-2025\/#primaryimage\"},\"image\":{\"@id\":\"https:\/\/reseau-amylose.org\/jesuispatient\/masterclass-amyloses-cardiaques-2025\/#primaryimage\"},\"thumbnailUrl\":\"https:\/\/reseau-amylose.org\/jesuispatient\/wp-content\/uploads\/sites\/2\/2025\/07\/Inscription-MAC-2025-1024x575.jpg\",\"datePublished\":\"2025-07-17T14:16:06+00:00\",\"dateModified\":\"2025-10-23T16:06:44+00:00\",\"author\":{\"@id\":\"https:\/\/reseau-amylose.org\/jesuispatient\/#\/schema\/person\/8051a9db0408f31b59e66b2cac32d79d\"},\"description\":\"Participez \u00e0 la 8e Masterclass Amyloses Cardiaques le 18 d\u00e9cembre 2025. Formation, diagnostic, traitement et parcours de soin\",\"breadcrumb\":{\"@id\":\"https:\/\/reseau-amylose.org\/jesuispatient\/masterclass-amyloses-cardiaques-2025\/#breadcrumb\"},\"inLanguage\":\"fr-FR\",\"potentialAction\":[{\"@type\":\"ReadAction\",\"target\":[\"https:\/\/reseau-amylose.org\/jesuispatient\/masterclass-amyloses-cardiaques-2025\/\"]}]},{\"@type\":\"ImageObject\",\"inLanguage\":\"fr-FR\",\"@id\":\"https:\/\/reseau-amylose.org\/jesuispatient\/masterclass-amyloses-cardiaques-2025\/#primaryimage\",\"url\":\"https:\/\/reseau-amylose.org\/jesuispatient\/wp-content\/uploads\/sites\/2\/2025\/07\/Inscription-MAC-2025-scaled.jpg\",\"contentUrl\":\"https:\/\/reseau-amylose.org\/jesuispatient\/wp-content\/uploads\/sites\/2\/2025\/07\/Inscription-MAC-2025-scaled.jpg\",\"width\":2560,\"height\":1438,\"caption\":\"masterclass-amyloses-cardiaques-2025\"},{\"@type\":\"BreadcrumbList\",\"@id\":\"https:\/\/reseau-amylose.org\/jesuispatient\/masterclass-amyloses-cardiaques-2025\/#breadcrumb\",\"itemListElement\":[{\"@type\":\"ListItem\",\"position\":1,\"name\":\"Accueil\",\"item\":\"https:\/\/reseau-amylose.org\/jesuispatient\/\"},{\"@type\":\"ListItem\",\"position\":2,\"name\":\"\ud83d\udce2 8e Masterclass Amyloses Cardiaques \u2013 Jeudi 18 d\u00e9cembre 2025\"}]},{\"@type\":\"WebSite\",\"@id\":\"https:\/\/reseau-amylose.org\/jesuispatient\/#website\",\"url\":\"https:\/\/reseau-amylose.org\/jesuispatient\/\",\"name\":\"R\u00e9seau Amylose Site Patient\",\"description\":\"Centre de r\u00e9f\u00e9rence des amyloses cardiaques\",\"potentialAction\":[{\"@type\":\"SearchAction\",\"target\":{\"@type\":\"EntryPoint\",\"urlTemplate\":\"https:\/\/reseau-amylose.org\/jesuispatient\/?s={search_term_string}\"},\"query-input\":{\"@type\":\"PropertyValueSpecification\",\"valueRequired\":true,\"valueName\":\"search_term_string\"}}],\"inLanguage\":\"fr-FR\"},{\"@type\":\"Person\",\"@id\":\"https:\/\/reseau-amylose.org\/jesuispatient\/#\/schema\/person\/8051a9db0408f31b59e66b2cac32d79d\",\"name\":\"clotilde\",\"image\":{\"@type\":\"ImageObject\",\"inLanguage\":\"fr-FR\",\"@id\":\"https:\/\/reseau-amylose.org\/jesuispatient\/#\/schema\/person\/image\/\",\"url\":\"https:\/\/secure.gravatar.com\/avatar\/3f641b4dd50c316d26405faeae0e8e51a740bc88d8b45a75e5562aa57653f388?s=96&d=mm&r=g\",\"contentUrl\":\"https:\/\/secure.gravatar.com\/avatar\/3f641b4dd50c316d26405faeae0e8e51a740bc88d8b45a75e5562aa57653f388?s=96&d=mm&r=g\",\"caption\":\"clotilde\"},\"url\":\"https:\/\/reseau-amylose.org\/jesuispatient\/author\/clotilde\/\"}]}<\/script>\n<!-- \/ Yoast SEO plugin. -->","yoast_head_json":{"title":"8e Masterclass Amyloses Cardiaques \u2013 18 d\u00e9cembre 2025","description":"Participez \u00e0 la 8e Masterclass Amyloses Cardiaques le 18 d\u00e9cembre 2025. Formation, diagnostic, traitement et parcours de soin","robots":{"index":"index","follow":"follow","max-snippet":"max-snippet:-1","max-image-preview":"max-image-preview:large","max-video-preview":"max-video-preview:-1"},"canonical":"https:\/\/reseau-amylose.org\/jesuispatient\/masterclass-amyloses-cardiaques-2025\/","og_locale":"fr_FR","og_type":"article","og_title":"8e Masterclass Amyloses Cardiaques \u2013 18 d\u00e9cembre 2025","og_description":"Participez \u00e0 la 8e Masterclass Amyloses Cardiaques le 18 d\u00e9cembre 2025. Formation, diagnostic, traitement et parcours de soin","og_url":"https:\/\/reseau-amylose.org\/jesuispatient\/masterclass-amyloses-cardiaques-2025\/","og_site_name":"R\u00e9seau Amylose Site Patient","article_published_time":"2025-07-17T14:16:06+00:00","article_modified_time":"2025-10-23T16:06:44+00:00","og_image":[{"url":"https:\/\/reseau-amylose.org\/jesuispatient\/wp-content\/uploads\/sites\/2\/2025\/07\/Inscription-MAC-2025-1024x575.jpg","type":"","width":"","height":""}],"author":"clotilde","twitter_card":"summary_large_image","twitter_misc":{"\u00c9crit par":"clotilde","Dur\u00e9e de lecture estim\u00e9e":"4 minutes"},"schema":{"@context":"https:\/\/schema.org","@graph":[{"@type":"WebPage","@id":"https:\/\/reseau-amylose.org\/jesuispatient\/masterclass-amyloses-cardiaques-2025\/","url":"https:\/\/reseau-amylose.org\/jesuispatient\/masterclass-amyloses-cardiaques-2025\/","name":"8e Masterclass Amyloses Cardiaques \u2013 18 d\u00e9cembre 2025","isPartOf":{"@id":"https:\/\/reseau-amylose.org\/jesuispatient\/#website"},"primaryImageOfPage":{"@id":"https:\/\/reseau-amylose.org\/jesuispatient\/masterclass-amyloses-cardiaques-2025\/#primaryimage"},"image":{"@id":"https:\/\/reseau-amylose.org\/jesuispatient\/masterclass-amyloses-cardiaques-2025\/#primaryimage"},"thumbnailUrl":"https:\/\/reseau-amylose.org\/jesuispatient\/wp-content\/uploads\/sites\/2\/2025\/07\/Inscription-MAC-2025-1024x575.jpg","datePublished":"2025-07-17T14:16:06+00:00","dateModified":"2025-10-23T16:06:44+00:00","author":{"@id":"https:\/\/reseau-amylose.org\/jesuispatient\/#\/schema\/person\/8051a9db0408f31b59e66b2cac32d79d"},"description":"Participez \u00e0 la 8e Masterclass Amyloses Cardiaques le 18 d\u00e9cembre 2025. Formation, diagnostic, traitement et parcours de soin","breadcrumb":{"@id":"https:\/\/reseau-amylose.org\/jesuispatient\/masterclass-amyloses-cardiaques-2025\/#breadcrumb"},"inLanguage":"fr-FR","potentialAction":[{"@type":"ReadAction","target":["https:\/\/reseau-amylose.org\/jesuispatient\/masterclass-amyloses-cardiaques-2025\/"]}]},{"@type":"ImageObject","inLanguage":"fr-FR","@id":"https:\/\/reseau-amylose.org\/jesuispatient\/masterclass-amyloses-cardiaques-2025\/#primaryimage","url":"https:\/\/reseau-amylose.org\/jesuispatient\/wp-content\/uploads\/sites\/2\/2025\/07\/Inscription-MAC-2025-scaled.jpg","contentUrl":"https:\/\/reseau-amylose.org\/jesuispatient\/wp-content\/uploads\/sites\/2\/2025\/07\/Inscription-MAC-2025-scaled.jpg","width":2560,"height":1438,"caption":"masterclass-amyloses-cardiaques-2025"},{"@type":"BreadcrumbList","@id":"https:\/\/reseau-amylose.org\/jesuispatient\/masterclass-amyloses-cardiaques-2025\/#breadcrumb","itemListElement":[{"@type":"ListItem","position":1,"name":"Accueil","item":"https:\/\/reseau-amylose.org\/jesuispatient\/"},{"@type":"ListItem","position":2,"name":"\ud83d\udce2 8e Masterclass Amyloses Cardiaques \u2013 Jeudi 18 d\u00e9cembre 2025"}]},{"@type":"WebSite","@id":"https:\/\/reseau-amylose.org\/jesuispatient\/#website","url":"https:\/\/reseau-amylose.org\/jesuispatient\/","name":"R\u00e9seau Amylose Site Patient","description":"Centre de r\u00e9f\u00e9rence des amyloses cardiaques","potentialAction":[{"@type":"SearchAction","target":{"@type":"EntryPoint","urlTemplate":"https:\/\/reseau-amylose.org\/jesuispatient\/?s={search_term_string}"},"query-input":{"@type":"PropertyValueSpecification","valueRequired":true,"valueName":"search_term_string"}}],"inLanguage":"fr-FR"},{"@type":"Person","@id":"https:\/\/reseau-amylose.org\/jesuispatient\/#\/schema\/person\/8051a9db0408f31b59e66b2cac32d79d","name":"clotilde","image":{"@type":"ImageObject","inLanguage":"fr-FR","@id":"https:\/\/reseau-amylose.org\/jesuispatient\/#\/schema\/person\/image\/","url":"https:\/\/secure.gravatar.com\/avatar\/3f641b4dd50c316d26405faeae0e8e51a740bc88d8b45a75e5562aa57653f388?s=96&d=mm&r=g","contentUrl":"https:\/\/secure.gravatar.com\/avatar\/3f641b4dd50c316d26405faeae0e8e51a740bc88d8b45a75e5562aa57653f388?s=96&d=mm&r=g","caption":"clotilde"},"url":"https:\/\/reseau-amylose.org\/jesuispatient\/author\/clotilde\/"}]}},"jetpack_featured_media_url":"","_links":{"self":[{"href":"https:\/\/reseau-amylose.org\/jesuispatient\/wp-json\/wp\/v2\/posts\/4275","targetHints":{"allow":["GET"]}}],"collection":[{"href":"https:\/\/reseau-amylose.org\/jesuispatient\/wp-json\/wp\/v2\/posts"}],"about":[{"href":"https:\/\/reseau-amylose.org\/jesuispatient\/wp-json\/wp\/v2\/types\/post"}],"author":[{"embeddable":true,"href":"https:\/\/reseau-amylose.org\/jesuispatient\/wp-json\/wp\/v2\/users\/2"}],"replies":[{"embeddable":true,"href":"https:\/\/reseau-amylose.org\/jesuispatient\/wp-json\/wp\/v2\/comments?post=4275"}],"version-history":[{"count":18,"href":"https:\/\/reseau-amylose.org\/jesuispatient\/wp-json\/wp\/v2\/posts\/4275\/revisions"}],"predecessor-version":[{"id":4326,"href":"https:\/\/reseau-amylose.org\/jesuispatient\/wp-json\/wp\/v2\/posts\/4275\/revisions\/4326"}],"wp:attachment":[{"href":"https:\/\/reseau-amylose.org\/jesuispatient\/wp-json\/wp\/v2\/media?parent=4275"}],"wp:term":[{"taxonomy":"category","embeddable":true,"href":"https:\/\/reseau-amylose.org\/jesuispatient\/wp-json\/wp\/v2\/categories?post=4275"},{"taxonomy":"post_tag","embeddable":true,"href":"https:\/\/reseau-amylose.org\/jesuispatient\/wp-json\/wp\/v2\/tags?post=4275"}],"curies":[{"name":"wp","href":"https:\/\/api.w.org\/{rel}","templated":true}]}}