{"id":3713,"date":"2024-04-15T09:47:40","date_gmt":"2024-04-15T07:47:40","guid":{"rendered":"https:\/\/reseau-amylose.org\/rechercheamylose\/?p=3713"},"modified":"2024-04-15T11:43:04","modified_gmt":"2024-04-15T09:43:04","slug":"cfma-13-juin-2024","status":"publish","type":"post","link":"http:\/\/reseau-amylose.org\/rechercheamylose\/cfma-13-juin-2024\/","title":{"rendered":"CFMA &#8211; 13 juin 2024"},"content":{"rendered":"\t\t<div data-elementor-type=\"wp-post\" data-elementor-id=\"3713\" class=\"elementor elementor-3713\" data-elementor-post-type=\"post\">\n\t\t\t\t\t\t<section class=\"elementor-section elementor-top-section elementor-element elementor-element-e65cf1f elementor-section-boxed elementor-section-height-default elementor-section-height-default\" data-id=\"e65cf1f\" data-element_type=\"section\" data-settings=\"{&quot;background_background&quot;:&quot;classic&quot;}\">\n\t\t\t\t\t\t<div class=\"elementor-container elementor-column-gap-default\">\n\t\t\t\t\t<div class=\"elementor-column elementor-col-100 elementor-top-column elementor-element elementor-element-4663520\" data-id=\"4663520\" data-element_type=\"column\">\n\t\t\t<div class=\"elementor-widget-wrap elementor-element-populated\">\n\t\t\t\t\t\t<div class=\"elementor-element elementor-element-9e95925 elementor-widget elementor-widget-heading\" data-id=\"9e95925\" data-element_type=\"widget\" data-widget_type=\"heading.default\">\n\t\t\t\t<div class=\"elementor-widget-container\">\n\t\t\t\t\t<h1 class=\"elementor-heading-title elementor-size-default\">3\u00e8me CFMA - 13 juin 2024<\/h1>\t\t\t\t<\/div>\n\t\t\t\t<\/div>\n\t\t\t\t\t<\/div>\n\t\t<\/div>\n\t\t\t\t\t<\/div>\n\t\t<\/section>\n\t\t\t\t<section class=\"elementor-section elementor-top-section elementor-element elementor-element-0d51bdb elementor-section-boxed elementor-section-height-default elementor-section-height-default\" data-id=\"0d51bdb\" data-element_type=\"section\">\n\t\t\t\t\t\t<div class=\"elementor-container elementor-column-gap-default\">\n\t\t\t\t\t<div class=\"elementor-column elementor-col-100 elementor-top-column elementor-element elementor-element-3d47eb3\" data-id=\"3d47eb3\" data-element_type=\"column\">\n\t\t\t<div class=\"elementor-widget-wrap elementor-element-populated\">\n\t\t\t\t\t\t<div class=\"elementor-element elementor-element-adbf586 elementor-widget elementor-widget-text-editor\" data-id=\"adbf586\" data-element_type=\"widget\" data-widget_type=\"text-editor.default\">\n\t\t\t\t<div class=\"elementor-widget-container\">\n\t\t\t\t\t\t\t\t\t<span style=\"color: #000000\">Chers amis, chers coll\u00e8gues,<\/span>\n\n<span style=\"color: #000000\">Tous les\u00a0<strong>centres de r\u00e9f\u00e9rence de l\u2019amylose et l\u2019Association Fran\u00e7aise contre l\u2019Amylose\u00a0<\/strong>se mobilisent afin de proposer\u00a0la troisi\u00e8me \u00e9dition du\u00a0<strong>Congr\u00e8s Francophone Multidisciplinaire de l\u2019Amylose<\/strong>.<\/span>\n\n<span style=\"color: #000000\">Autour du th\u00e8me \u00ab\u00a0progr\u00e8s r\u00e9alis\u00e9s et \u00e0 venir !\u00a0\u00bb,\u00a0cette rencontre<strong>\u00a0<\/strong>sera une\u00a0occasion privil\u00e9gi\u00e9e de\u00a0<strong>r\u00e9unir les acteurs de la pathologie<\/strong>\u00a0et de mettre en avant les\u00a0<strong>\u00e9volutions et les avanc\u00e9es \u00e0 vis\u00e9e diagnostique et\/ou th\u00e9rapeutique.\u00a0<\/strong><\/span>\n\n<span style=\"color: #000000\"><strong>\u00a0<\/strong>Le\u00a0programme\u00a0impliquera\u00a0<strong>les experts des centres de r\u00e9f\u00e9rence<\/strong>\u00a0et\u00a0sera articul\u00e9 autour de\u00a0<strong>six sessions th\u00e9matiques\u00a0<\/strong>permettant de\u00a0<strong>faire le point sur les parcours de soin \u2013 coordination, fili\u00e8res, diagnostic \u2013 et l\u2019\u00e9tat de la recherche et des traitements<\/strong>.<\/span>\n\n<span style=\"color: #000000\">Ouvert \u00e0 tous, ce programme sera propos\u00e9 en pr\u00e9sentiel\u00a0<strong>\u00e0 la Fondation Biermans-Lap\u00f4tre \u00e0 Paris et en visioconf\u00e9rence sur une plateforme d\u00e9di\u00e9e.<\/strong><\/span>\n\n<span style=\"color: #000000\"><strong>Nous vous attendons nombreuses et nombreux\u00a0<\/strong>jeudi 13 juin prochain pour\u00a0<strong>partager des moments int\u00e9ressants et profitables\u00a0<\/strong>!<\/span>\t\t\t\t\t\t\t\t<\/div>\n\t\t\t\t<\/div>\n\t\t\t\t\t<\/div>\n\t\t<\/div>\n\t\t\t\t\t<\/div>\n\t\t<\/section>\n\t\t\t\t<section class=\"elementor-section elementor-top-section elementor-element elementor-element-39005e6 elementor-section-boxed elementor-section-height-default elementor-section-height-default\" data-id=\"39005e6\" data-element_type=\"section\">\n\t\t\t\t\t\t<div class=\"elementor-container elementor-column-gap-default\">\n\t\t\t\t\t<div class=\"elementor-column elementor-col-100 elementor-top-column elementor-element elementor-element-1914b91\" data-id=\"1914b91\" data-element_type=\"column\">\n\t\t\t<div class=\"elementor-widget-wrap elementor-element-populated\">\n\t\t\t\t\t\t<div class=\"elementor-element elementor-element-335fa46 elementor-align-center elementor-widget elementor-widget-button\" data-id=\"335fa46\" data-element_type=\"widget\" data-widget_type=\"button.default\">\n\t\t\t\t<div class=\"elementor-widget-container\">\n\t\t\t\t\t\t\t\t\t<div class=\"elementor-button-wrapper\">\n\t\t\t\t\t<a class=\"elementor-button elementor-button-link elementor-size-md\" href=\"https:\/\/congres-amylose.com\/\" target=\"_blank\">\n\t\t\t\t\t\t<span class=\"elementor-button-content-wrapper\">\n\t\t\t\t\t\t\t\t\t<span class=\"elementor-button-text\">Insrivez-vous<\/span>\n\t\t\t\t\t<\/span>\n\t\t\t\t\t<\/a>\n\t\t\t\t<\/div>\n\t\t\t\t\t\t\t\t<\/div>\n\t\t\t\t<\/div>\n\t\t\t\t<div class=\"elementor-element elementor-element-0d4ac79 elementor-widget elementor-widget-image\" data-id=\"0d4ac79\" data-element_type=\"widget\" data-widget_type=\"image.default\">\n\t\t\t\t<div class=\"elementor-widget-container\">\n\t\t\t\t\t\t\t\t\t\t\t\t\t\t\t<img fetchpriority=\"high\" decoding=\"async\" width=\"1024\" height=\"584\" src=\"http:\/\/reseau-amylose.org\/rechercheamylose\/wp-content\/uploads\/sites\/3\/2024\/04\/Capture-decran-2024-04-15-a-09.31.46-1024x584.png\" class=\"attachment-large size-large wp-image-3729\" alt=\"CFMA-13-juin-2024\" srcset=\"http:\/\/reseau-amylose.org\/rechercheamylose\/wp-content\/uploads\/sites\/3\/2024\/04\/Capture-decran-2024-04-15-a-09.31.46-1024x584.png 1024w, http:\/\/reseau-amylose.org\/rechercheamylose\/wp-content\/uploads\/sites\/3\/2024\/04\/Capture-decran-2024-04-15-a-09.31.46-300x171.png 300w, http:\/\/reseau-amylose.org\/rechercheamylose\/wp-content\/uploads\/sites\/3\/2024\/04\/Capture-decran-2024-04-15-a-09.31.46-768x438.png 768w, http:\/\/reseau-amylose.org\/rechercheamylose\/wp-content\/uploads\/sites\/3\/2024\/04\/Capture-decran-2024-04-15-a-09.31.46.png 1514w\" sizes=\"(max-width: 1024px) 100vw, 1024px\" \/>\t\t\t\t\t\t\t\t\t\t\t\t\t\t\t<\/div>\n\t\t\t\t<\/div>\n\t\t\t\t\t<\/div>\n\t\t<\/div>\n\t\t\t\t\t<\/div>\n\t\t<\/section>\n\t\t\t\t<\/div>\n\t\t","protected":false},"excerpt":{"rendered":"<p>3\u00e8me CFMA &#8211; 13 juin 2024 Chers amis, chers coll\u00e8gues, Tous les&nbsp;centres de r\u00e9f\u00e9rence de l\u2019amylose et l\u2019Association Fran\u00e7aise contre l\u2019Amylose&nbsp;se mobilisent afin de proposer&nbsp;la troisi\u00e8me \u00e9dition du&nbsp;Congr\u00e8s Francophone Multidisciplinaire de l\u2019Amylose. Autour du th\u00e8me \u00ab&nbsp;progr\u00e8s r\u00e9alis\u00e9s et \u00e0 venir !&nbsp;\u00bb,&nbsp;cette rencontre&nbsp;sera une&nbsp;occasion privil\u00e9gi\u00e9e de&nbsp;r\u00e9unir les acteurs de la pathologie&nbsp;et de mettre en avant les&nbsp;\u00e9volutions [&hellip;]<\/p>\n","protected":false},"author":2,"featured_media":3733,"comment_status":"closed","ping_status":"closed","sticky":false,"template":"","format":"standard","meta":{"_monsterinsights_skip_tracking":false,"_monsterinsights_sitenote_active":false,"_monsterinsights_sitenote_note":"","_monsterinsights_sitenote_category":0,"footnotes":""},"categories":[4,1],"tags":[],"class_list":["post-3713","post","type-post","status-publish","format-standard","has-post-thumbnail","hentry","category-actualites","category-non-classe"],"yoast_head":"<!-- This site is optimized with the Yoast SEO plugin v25.5 - https:\/\/yoast.com\/wordpress\/plugins\/seo\/ -->\n<title>CFMA - 13 juin 2024 - R\u00e9seau Amylose Recherche<\/title>\n<meta name=\"description\" content=\"Congr\u00e8s Francophone Multidisciplinaire de l&#039;Amylose - 3\u00e8me CFMA 13 juin 2024 autour du th\u00e8me \u00ab progr\u00e8s r\u00e9alis\u00e9s et \u00e0 venir ! \u00bb.\" \/>\n<meta name=\"robots\" content=\"index, follow, max-snippet:-1, max-image-preview:large, max-video-preview:-1\" \/>\n<link rel=\"canonical\" href=\"http:\/\/reseau-amylose.org\/rechercheamylose\/cfma-13-juin-2024\/\" \/>\n<meta property=\"og:locale\" content=\"fr_FR\" \/>\n<meta property=\"og:type\" content=\"article\" \/>\n<meta property=\"og:title\" content=\"CFMA - 13 juin 2024 - R\u00e9seau Amylose Recherche\" \/>\n<meta property=\"og:description\" content=\"Congr\u00e8s Francophone Multidisciplinaire de l&#039;Amylose - 3\u00e8me CFMA 13 juin 2024 autour du th\u00e8me \u00ab progr\u00e8s r\u00e9alis\u00e9s et \u00e0 venir ! \u00bb.\" \/>\n<meta property=\"og:url\" content=\"http:\/\/reseau-amylose.org\/rechercheamylose\/cfma-13-juin-2024\/\" \/>\n<meta property=\"og:site_name\" content=\"R\u00e9seau Amylose Recherche\" \/>\n<meta property=\"article:published_time\" content=\"2024-04-15T07:47:40+00:00\" \/>\n<meta property=\"article:modified_time\" content=\"2024-04-15T09:43:04+00:00\" \/>\n<meta property=\"og:image\" content=\"http:\/\/reseau-amylose.org\/rechercheamylose\/wp-content\/uploads\/sites\/3\/2024\/04\/banniere1080x1080.jpeg\" \/>\n\t<meta property=\"og:image:width\" content=\"480\" \/>\n\t<meta property=\"og:image:height\" content=\"480\" \/>\n\t<meta property=\"og:image:type\" content=\"image\/jpeg\" \/>\n<meta name=\"author\" content=\"clotilde\" \/>\n<meta name=\"twitter:card\" content=\"summary_large_image\" \/>\n<meta name=\"twitter:label1\" content=\"\u00c9crit par\" \/>\n\t<meta name=\"twitter:data1\" content=\"clotilde\" \/>\n\t<meta name=\"twitter:label2\" content=\"Dur\u00e9e de lecture estim\u00e9e\" \/>\n\t<meta name=\"twitter:data2\" content=\"1 minute\" \/>\n<script type=\"application\/ld+json\" class=\"yoast-schema-graph\">{\"@context\":\"https:\/\/schema.org\",\"@graph\":[{\"@type\":\"WebPage\",\"@id\":\"http:\/\/reseau-amylose.org\/rechercheamylose\/cfma-13-juin-2024\/\",\"url\":\"http:\/\/reseau-amylose.org\/rechercheamylose\/cfma-13-juin-2024\/\",\"name\":\"CFMA - 13 juin 2024 - R\u00e9seau Amylose Recherche\",\"isPartOf\":{\"@id\":\"https:\/\/reseau-amylose.org\/rechercheamylose\/#website\"},\"primaryImageOfPage\":{\"@id\":\"http:\/\/reseau-amylose.org\/rechercheamylose\/cfma-13-juin-2024\/#primaryimage\"},\"image\":{\"@id\":\"http:\/\/reseau-amylose.org\/rechercheamylose\/cfma-13-juin-2024\/#primaryimage\"},\"thumbnailUrl\":\"http:\/\/reseau-amylose.org\/rechercheamylose\/wp-content\/uploads\/sites\/3\/2024\/04\/banniere1080x1080.jpeg\",\"datePublished\":\"2024-04-15T07:47:40+00:00\",\"dateModified\":\"2024-04-15T09:43:04+00:00\",\"author\":{\"@id\":\"https:\/\/reseau-amylose.org\/rechercheamylose\/#\/schema\/person\/8051a9db0408f31b59e66b2cac32d79d\"},\"description\":\"Congr\u00e8s Francophone Multidisciplinaire de l'Amylose - 3\u00e8me CFMA 13 juin 2024 autour du th\u00e8me \u00ab progr\u00e8s r\u00e9alis\u00e9s et \u00e0 venir ! \u00bb.\",\"breadcrumb\":{\"@id\":\"http:\/\/reseau-amylose.org\/rechercheamylose\/cfma-13-juin-2024\/#breadcrumb\"},\"inLanguage\":\"fr-FR\",\"potentialAction\":[{\"@type\":\"ReadAction\",\"target\":[\"http:\/\/reseau-amylose.org\/rechercheamylose\/cfma-13-juin-2024\/\"]}]},{\"@type\":\"ImageObject\",\"inLanguage\":\"fr-FR\",\"@id\":\"http:\/\/reseau-amylose.org\/rechercheamylose\/cfma-13-juin-2024\/#primaryimage\",\"url\":\"http:\/\/reseau-amylose.org\/rechercheamylose\/wp-content\/uploads\/sites\/3\/2024\/04\/banniere1080x1080.jpeg\",\"contentUrl\":\"http:\/\/reseau-amylose.org\/rechercheamylose\/wp-content\/uploads\/sites\/3\/2024\/04\/banniere1080x1080.jpeg\",\"width\":480,\"height\":480},{\"@type\":\"BreadcrumbList\",\"@id\":\"http:\/\/reseau-amylose.org\/rechercheamylose\/cfma-13-juin-2024\/#breadcrumb\",\"itemListElement\":[{\"@type\":\"ListItem\",\"position\":1,\"name\":\"Accueil\",\"item\":\"https:\/\/reseau-amylose.org\/rechercheamylose\/\"},{\"@type\":\"ListItem\",\"position\":2,\"name\":\"CFMA &#8211; 13 juin 2024\"}]},{\"@type\":\"WebSite\",\"@id\":\"https:\/\/reseau-amylose.org\/rechercheamylose\/#website\",\"url\":\"https:\/\/reseau-amylose.org\/rechercheamylose\/\",\"name\":\"R\u00e9seau Amylose Recherche\",\"description\":\"Centre de r\u00e9f\u00e9rence des amyloses cardiaques\",\"potentialAction\":[{\"@type\":\"SearchAction\",\"target\":{\"@type\":\"EntryPoint\",\"urlTemplate\":\"https:\/\/reseau-amylose.org\/rechercheamylose\/?s={search_term_string}\"},\"query-input\":{\"@type\":\"PropertyValueSpecification\",\"valueRequired\":true,\"valueName\":\"search_term_string\"}}],\"inLanguage\":\"fr-FR\"},{\"@type\":\"Person\",\"@id\":\"https:\/\/reseau-amylose.org\/rechercheamylose\/#\/schema\/person\/8051a9db0408f31b59e66b2cac32d79d\",\"name\":\"clotilde\",\"image\":{\"@type\":\"ImageObject\",\"inLanguage\":\"fr-FR\",\"@id\":\"https:\/\/reseau-amylose.org\/rechercheamylose\/#\/schema\/person\/image\/\",\"url\":\"https:\/\/secure.gravatar.com\/avatar\/3f641b4dd50c316d26405faeae0e8e51a740bc88d8b45a75e5562aa57653f388?s=96&d=mm&r=g\",\"contentUrl\":\"https:\/\/secure.gravatar.com\/avatar\/3f641b4dd50c316d26405faeae0e8e51a740bc88d8b45a75e5562aa57653f388?s=96&d=mm&r=g\",\"caption\":\"clotilde\"},\"url\":\"http:\/\/reseau-amylose.org\/rechercheamylose\/author\/clotilde\/\"}]}<\/script>\n<!-- \/ Yoast SEO plugin. -->","yoast_head_json":{"title":"CFMA - 13 juin 2024 - R\u00e9seau Amylose Recherche","description":"Congr\u00e8s Francophone Multidisciplinaire de l'Amylose - 3\u00e8me CFMA 13 juin 2024 autour du th\u00e8me \u00ab progr\u00e8s r\u00e9alis\u00e9s et \u00e0 venir ! \u00bb.","robots":{"index":"index","follow":"follow","max-snippet":"max-snippet:-1","max-image-preview":"max-image-preview:large","max-video-preview":"max-video-preview:-1"},"canonical":"http:\/\/reseau-amylose.org\/rechercheamylose\/cfma-13-juin-2024\/","og_locale":"fr_FR","og_type":"article","og_title":"CFMA - 13 juin 2024 - R\u00e9seau Amylose Recherche","og_description":"Congr\u00e8s Francophone Multidisciplinaire de l'Amylose - 3\u00e8me CFMA 13 juin 2024 autour du th\u00e8me \u00ab progr\u00e8s r\u00e9alis\u00e9s et \u00e0 venir ! \u00bb.","og_url":"http:\/\/reseau-amylose.org\/rechercheamylose\/cfma-13-juin-2024\/","og_site_name":"R\u00e9seau Amylose Recherche","article_published_time":"2024-04-15T07:47:40+00:00","article_modified_time":"2024-04-15T09:43:04+00:00","og_image":[{"width":480,"height":480,"url":"http:\/\/reseau-amylose.org\/rechercheamylose\/wp-content\/uploads\/sites\/3\/2024\/04\/banniere1080x1080.jpeg","type":"image\/jpeg"}],"author":"clotilde","twitter_card":"summary_large_image","twitter_misc":{"\u00c9crit par":"clotilde","Dur\u00e9e de lecture estim\u00e9e":"1 minute"},"schema":{"@context":"https:\/\/schema.org","@graph":[{"@type":"WebPage","@id":"http:\/\/reseau-amylose.org\/rechercheamylose\/cfma-13-juin-2024\/","url":"http:\/\/reseau-amylose.org\/rechercheamylose\/cfma-13-juin-2024\/","name":"CFMA - 13 juin 2024 - R\u00e9seau Amylose Recherche","isPartOf":{"@id":"https:\/\/reseau-amylose.org\/rechercheamylose\/#website"},"primaryImageOfPage":{"@id":"http:\/\/reseau-amylose.org\/rechercheamylose\/cfma-13-juin-2024\/#primaryimage"},"image":{"@id":"http:\/\/reseau-amylose.org\/rechercheamylose\/cfma-13-juin-2024\/#primaryimage"},"thumbnailUrl":"http:\/\/reseau-amylose.org\/rechercheamylose\/wp-content\/uploads\/sites\/3\/2024\/04\/banniere1080x1080.jpeg","datePublished":"2024-04-15T07:47:40+00:00","dateModified":"2024-04-15T09:43:04+00:00","author":{"@id":"https:\/\/reseau-amylose.org\/rechercheamylose\/#\/schema\/person\/8051a9db0408f31b59e66b2cac32d79d"},"description":"Congr\u00e8s Francophone Multidisciplinaire de l'Amylose - 3\u00e8me CFMA 13 juin 2024 autour du th\u00e8me \u00ab progr\u00e8s r\u00e9alis\u00e9s et \u00e0 venir ! \u00bb.","breadcrumb":{"@id":"http:\/\/reseau-amylose.org\/rechercheamylose\/cfma-13-juin-2024\/#breadcrumb"},"inLanguage":"fr-FR","potentialAction":[{"@type":"ReadAction","target":["http:\/\/reseau-amylose.org\/rechercheamylose\/cfma-13-juin-2024\/"]}]},{"@type":"ImageObject","inLanguage":"fr-FR","@id":"http:\/\/reseau-amylose.org\/rechercheamylose\/cfma-13-juin-2024\/#primaryimage","url":"http:\/\/reseau-amylose.org\/rechercheamylose\/wp-content\/uploads\/sites\/3\/2024\/04\/banniere1080x1080.jpeg","contentUrl":"http:\/\/reseau-amylose.org\/rechercheamylose\/wp-content\/uploads\/sites\/3\/2024\/04\/banniere1080x1080.jpeg","width":480,"height":480},{"@type":"BreadcrumbList","@id":"http:\/\/reseau-amylose.org\/rechercheamylose\/cfma-13-juin-2024\/#breadcrumb","itemListElement":[{"@type":"ListItem","position":1,"name":"Accueil","item":"https:\/\/reseau-amylose.org\/rechercheamylose\/"},{"@type":"ListItem","position":2,"name":"CFMA &#8211; 13 juin 2024"}]},{"@type":"WebSite","@id":"https:\/\/reseau-amylose.org\/rechercheamylose\/#website","url":"https:\/\/reseau-amylose.org\/rechercheamylose\/","name":"R\u00e9seau Amylose Recherche","description":"Centre de r\u00e9f\u00e9rence des amyloses cardiaques","potentialAction":[{"@type":"SearchAction","target":{"@type":"EntryPoint","urlTemplate":"https:\/\/reseau-amylose.org\/rechercheamylose\/?s={search_term_string}"},"query-input":{"@type":"PropertyValueSpecification","valueRequired":true,"valueName":"search_term_string"}}],"inLanguage":"fr-FR"},{"@type":"Person","@id":"https:\/\/reseau-amylose.org\/rechercheamylose\/#\/schema\/person\/8051a9db0408f31b59e66b2cac32d79d","name":"clotilde","image":{"@type":"ImageObject","inLanguage":"fr-FR","@id":"https:\/\/reseau-amylose.org\/rechercheamylose\/#\/schema\/person\/image\/","url":"https:\/\/secure.gravatar.com\/avatar\/3f641b4dd50c316d26405faeae0e8e51a740bc88d8b45a75e5562aa57653f388?s=96&d=mm&r=g","contentUrl":"https:\/\/secure.gravatar.com\/avatar\/3f641b4dd50c316d26405faeae0e8e51a740bc88d8b45a75e5562aa57653f388?s=96&d=mm&r=g","caption":"clotilde"},"url":"http:\/\/reseau-amylose.org\/rechercheamylose\/author\/clotilde\/"}]}},"jetpack_featured_media_url":"http:\/\/reseau-amylose.org\/rechercheamylose\/wp-content\/uploads\/sites\/3\/2024\/04\/banniere1080x1080.jpeg","_links":{"self":[{"href":"http:\/\/reseau-amylose.org\/rechercheamylose\/wp-json\/wp\/v2\/posts\/3713","targetHints":{"allow":["GET"]}}],"collection":[{"href":"http:\/\/reseau-amylose.org\/rechercheamylose\/wp-json\/wp\/v2\/posts"}],"about":[{"href":"http:\/\/reseau-amylose.org\/rechercheamylose\/wp-json\/wp\/v2\/types\/post"}],"author":[{"embeddable":true,"href":"http:\/\/reseau-amylose.org\/rechercheamylose\/wp-json\/wp\/v2\/users\/2"}],"replies":[{"embeddable":true,"href":"http:\/\/reseau-amylose.org\/rechercheamylose\/wp-json\/wp\/v2\/comments?post=3713"}],"version-history":[{"count":11,"href":"http:\/\/reseau-amylose.org\/rechercheamylose\/wp-json\/wp\/v2\/posts\/3713\/revisions"}],"predecessor-version":[{"id":3735,"href":"http:\/\/reseau-amylose.org\/rechercheamylose\/wp-json\/wp\/v2\/posts\/3713\/revisions\/3735"}],"wp:featuredmedia":[{"embeddable":true,"href":"http:\/\/reseau-amylose.org\/rechercheamylose\/wp-json\/wp\/v2\/media\/3733"}],"wp:attachment":[{"href":"http:\/\/reseau-amylose.org\/rechercheamylose\/wp-json\/wp\/v2\/media?parent=3713"}],"wp:term":[{"taxonomy":"category","embeddable":true,"href":"http:\/\/reseau-amylose.org\/rechercheamylose\/wp-json\/wp\/v2\/categories?post=3713"},{"taxonomy":"post_tag","embeddable":true,"href":"http:\/\/reseau-amylose.org\/rechercheamylose\/wp-json\/wp\/v2\/tags?post=3713"}],"curies":[{"name":"wp","href":"https:\/\/api.w.org\/{rel}","templated":true}]}}