{"id":3601,"date":"2023-04-07T10:48:27","date_gmt":"2023-04-07T08:48:27","guid":{"rendered":"https:\/\/reseau-amylose.org\/rechercheamylose\/?p=3601"},"modified":"2023-04-07T11:03:50","modified_gmt":"2023-04-07T09:03:50","slug":"2eme-cfma-mardi-20-juin-2023","status":"publish","type":"post","link":"http:\/\/reseau-amylose.org\/rechercheamylose\/2eme-cfma-mardi-20-juin-2023\/","title":{"rendered":"2\u00e8me CFMA &#8211; Mardi 20 juin 2023"},"content":{"rendered":"\t\t<div data-elementor-type=\"wp-post\" data-elementor-id=\"3601\" class=\"elementor elementor-3601\" data-elementor-post-type=\"post\">\n\t\t\t\t\t\t<section class=\"elementor-section elementor-top-section elementor-element elementor-element-7e210569 elementor-section-content-middle elementor-section-boxed elementor-section-height-default elementor-section-height-default\" data-id=\"7e210569\" data-element_type=\"section\" data-settings=\"{&quot;background_background&quot;:&quot;classic&quot;}\">\n\t\t\t\t\t\t<div class=\"elementor-container elementor-column-gap-no\">\n\t\t\t\t\t<div class=\"elementor-column elementor-col-100 elementor-top-column elementor-element elementor-element-2b5024e6\" data-id=\"2b5024e6\" data-element_type=\"column\">\n\t\t\t<div class=\"elementor-widget-wrap elementor-element-populated\">\n\t\t\t\t\t\t<div class=\"elementor-element elementor-element-61bfc34f elementor-widget-divider--view-line elementor-widget elementor-widget-divider\" data-id=\"61bfc34f\" data-element_type=\"widget\" data-widget_type=\"divider.default\">\n\t\t\t\t<div class=\"elementor-widget-container\">\n\t\t\t\t\t\t\t<div class=\"elementor-divider\">\n\t\t\t<span class=\"elementor-divider-separator\">\n\t\t\t\t\t\t<\/span>\n\t\t<\/div>\n\t\t\t\t\t\t<\/div>\n\t\t\t\t<\/div>\n\t\t\t\t<div class=\"elementor-element elementor-element-6548ed99 elementor-widget elementor-widget-heading\" data-id=\"6548ed99\" data-element_type=\"widget\" data-widget_type=\"heading.default\">\n\t\t\t\t<div class=\"elementor-widget-container\">\n\t\t\t\t\t<h4 class=\"elementor-heading-title elementor-size-default\">Congr\u00e8s Francophone Multidisciplinaire de l'Amylose<\/h4>\t\t\t\t<\/div>\n\t\t\t\t<\/div>\n\t\t\t\t\t<\/div>\n\t\t<\/div>\n\t\t\t\t\t<\/div>\n\t\t<\/section>\n\t\t\t\t<section class=\"elementor-section elementor-top-section elementor-element elementor-element-e852a7d elementor-section-boxed elementor-section-height-default elementor-section-height-default\" data-id=\"e852a7d\" data-element_type=\"section\">\n\t\t\t\t\t\t<div class=\"elementor-container elementor-column-gap-default\">\n\t\t\t\t\t<div class=\"elementor-column elementor-col-100 elementor-top-column elementor-element elementor-element-bd682fd\" data-id=\"bd682fd\" data-element_type=\"column\">\n\t\t\t<div class=\"elementor-widget-wrap elementor-element-populated\">\n\t\t\t\t\t\t<div class=\"elementor-element elementor-element-5212b20 elementor-widget elementor-widget-text-editor\" data-id=\"5212b20\" data-element_type=\"widget\" data-widget_type=\"text-editor.default\">\n\t\t\t\t<div class=\"elementor-widget-container\">\n\t\t\t\t\t\t\t\t\t<h6><span style=\"color: #000000\">Chers amis, chers coll\u00e8gues,<\/span><\/h6><h6><span style=\"color: #000000\">Tous les\u00a0<strong>centres de r\u00e9f\u00e9rence de l\u2019amylose\u00a0<\/strong>se mobilisent afin de proposer le\u00a0<strong>2<sup>e<\/sup>\u00a0Congr\u00e8s Francophone Multidisciplinaire de l\u2019Amylose<\/strong>.<\/span><\/h6><h6><span style=\"color: #000000\">Autour du th\u00e8me \u00ab\u00a0Regards crois\u00e9s et innovations\u00a0!\u00a0\u00bb, cette rencontre sera l\u2019occasion de\u00a0<strong>f\u00e9d\u00e9rer les acteurs de la pathologie\u00a0<\/strong>et de faire le point sur\u00a0<strong>les parcours de soin et le traitement des amyloses.\u00a0<\/strong>Une place importante sera donn\u00e9e aux\u00a0<strong>t\u00e9moignages de patients et aux \u00e9changes pour contribuer \u00e0 l\u2019am\u00e9lioration des soins et de la prise en charge.<\/strong><\/span><\/h6><h6><span style=\"color: #000000\">Ouvert \u00e0 tous, ce programme sera propos\u00e9 en pr\u00e9sentiel\u00a0<strong>\u00e0 l\u2019Espace Saint-Martin \u00e0 Paris et en visioconf\u00e9rence sur une plateforme d\u00e9di\u00e9e.<\/strong><\/span><\/h6><h6><span style=\"color: #000000\">Nous vous attendons nombreuses et nombreux<strong>\u00a0mardi 20 juin<\/strong>\u00a0prochain pour\u00a0<strong>partager des moments int\u00e9ressants et profitables\u00a0<\/strong>!<\/span><\/h6><h6><span style=\"color: #000000\"><strong>Le comit\u00e9 d\u2019organisation<\/strong><strong>\u00a0<\/strong><\/span><\/h6>\t\t\t\t\t\t\t\t<\/div>\n\t\t\t\t<\/div>\n\t\t\t\t<div class=\"elementor-element elementor-element-1bdd505 elementor-align-center elementor-widget elementor-widget-button\" data-id=\"1bdd505\" data-element_type=\"widget\" data-widget_type=\"button.default\">\n\t\t\t\t<div class=\"elementor-widget-container\">\n\t\t\t\t\t\t\t\t\t<div class=\"elementor-button-wrapper\">\n\t\t\t\t\t<a class=\"elementor-button elementor-button-link elementor-size-md\" href=\"https:\/\/congres-amylose.com\/\" target=\"_blank\">\n\t\t\t\t\t\t<span class=\"elementor-button-content-wrapper\">\n\t\t\t\t\t\t\t\t\t<span class=\"elementor-button-text\">INSCRIVEZ-VOUS<\/span>\n\t\t\t\t\t<\/span>\n\t\t\t\t\t<\/a>\n\t\t\t\t<\/div>\n\t\t\t\t\t\t\t\t<\/div>\n\t\t\t\t<\/div>\n\t\t\t\t<div class=\"elementor-element elementor-element-73d7496 elementor-widget elementor-widget-image\" data-id=\"73d7496\" data-element_type=\"widget\" data-widget_type=\"image.default\">\n\t\t\t\t<div class=\"elementor-widget-container\">\n\t\t\t\t\t\t\t\t\t\t\t\t\t\t\t<img fetchpriority=\"high\" decoding=\"async\" width=\"1024\" height=\"629\" src=\"http:\/\/reseau-amylose.org\/rechercheamylose\/wp-content\/uploads\/sites\/3\/2023\/04\/Capture-decran-2023-04-07-a-10.55.27-1024x629.png\" class=\"attachment-large size-large wp-image-3604\" alt=\"\" srcset=\"http:\/\/reseau-amylose.org\/rechercheamylose\/wp-content\/uploads\/sites\/3\/2023\/04\/Capture-decran-2023-04-07-a-10.55.27-1024x629.png 1024w, http:\/\/reseau-amylose.org\/rechercheamylose\/wp-content\/uploads\/sites\/3\/2023\/04\/Capture-decran-2023-04-07-a-10.55.27-300x184.png 300w, http:\/\/reseau-amylose.org\/rechercheamylose\/wp-content\/uploads\/sites\/3\/2023\/04\/Capture-decran-2023-04-07-a-10.55.27-768x472.png 768w, http:\/\/reseau-amylose.org\/rechercheamylose\/wp-content\/uploads\/sites\/3\/2023\/04\/Capture-decran-2023-04-07-a-10.55.27-1536x944.png 1536w, http:\/\/reseau-amylose.org\/rechercheamylose\/wp-content\/uploads\/sites\/3\/2023\/04\/Capture-decran-2023-04-07-a-10.55.27.png 1604w\" sizes=\"(max-width: 1024px) 100vw, 1024px\" \/>\t\t\t\t\t\t\t\t\t\t\t\t\t\t\t<\/div>\n\t\t\t\t<\/div>\n\t\t\t\t\t<\/div>\n\t\t<\/div>\n\t\t\t\t\t<\/div>\n\t\t<\/section>\n\t\t\t\t<\/div>\n\t\t","protected":false},"excerpt":{"rendered":"<p>Congr\u00e8s Francophone Multidisciplinaire de l&rsquo;Amylose Chers amis, chers coll\u00e8gues, Tous les\u00a0centres de r\u00e9f\u00e9rence de l\u2019amylose\u00a0se mobilisent afin de proposer le\u00a02e\u00a0Congr\u00e8s Francophone Multidisciplinaire de l\u2019Amylose. Autour du th\u00e8me \u00ab\u00a0Regards crois\u00e9s et innovations\u00a0!\u00a0\u00bb, cette rencontre sera l\u2019occasion de\u00a0f\u00e9d\u00e9rer les acteurs de la pathologie\u00a0et de faire le point sur\u00a0les parcours de soin et le traitement des amyloses.\u00a0Une place [&hellip;]<\/p>\n","protected":false},"author":2,"featured_media":0,"comment_status":"closed","ping_status":"closed","sticky":false,"template":"","format":"standard","meta":{"_monsterinsights_skip_tracking":false,"_monsterinsights_sitenote_active":false,"_monsterinsights_sitenote_note":"","_monsterinsights_sitenote_category":0,"footnotes":""},"categories":[1],"tags":[],"class_list":["post-3601","post","type-post","status-publish","format-standard","hentry","category-non-classe"],"yoast_head":"<!-- This site is optimized with the Yoast SEO plugin v25.5 - https:\/\/yoast.com\/wordpress\/plugins\/seo\/ -->\n<title>2\u00e8me CFMA - Mardi 20 juin 2023 - R\u00e9seau Amylose Recherche<\/title>\n<meta name=\"robots\" content=\"index, follow, max-snippet:-1, max-image-preview:large, max-video-preview:-1\" \/>\n<link rel=\"canonical\" href=\"https:\/\/reseau-amylose.org\/rechercheamylose\/2eme-cfma-mardi-20-juin-2023\/\" \/>\n<meta property=\"og:locale\" content=\"fr_FR\" \/>\n<meta property=\"og:type\" content=\"article\" \/>\n<meta property=\"og:title\" content=\"2\u00e8me CFMA - Mardi 20 juin 2023 - R\u00e9seau Amylose Recherche\" \/>\n<meta property=\"og:description\" content=\"Congr\u00e8s Francophone Multidisciplinaire de l&rsquo;Amylose Chers amis, chers coll\u00e8gues, Tous les\u00a0centres de r\u00e9f\u00e9rence de l\u2019amylose\u00a0se mobilisent afin de proposer le\u00a02e\u00a0Congr\u00e8s Francophone Multidisciplinaire de l\u2019Amylose. Autour du th\u00e8me \u00ab\u00a0Regards crois\u00e9s et innovations\u00a0!\u00a0\u00bb, cette rencontre sera l\u2019occasion de\u00a0f\u00e9d\u00e9rer les acteurs de la pathologie\u00a0et de faire le point sur\u00a0les parcours de soin et le traitement des amyloses.\u00a0Une place [&hellip;]\" \/>\n<meta property=\"og:url\" content=\"https:\/\/reseau-amylose.org\/rechercheamylose\/2eme-cfma-mardi-20-juin-2023\/\" \/>\n<meta property=\"og:site_name\" content=\"R\u00e9seau Amylose Recherche\" \/>\n<meta property=\"article:published_time\" content=\"2023-04-07T08:48:27+00:00\" \/>\n<meta property=\"article:modified_time\" content=\"2023-04-07T09:03:50+00:00\" \/>\n<meta property=\"og:image\" content=\"https:\/\/reseau-amylose.org\/rechercheamylose\/wp-content\/uploads\/sites\/3\/2023\/04\/Capture-decran-2023-04-07-a-10.55.27-1024x629.png\" \/>\n<meta name=\"author\" content=\"clotilde\" \/>\n<meta name=\"twitter:card\" content=\"summary_large_image\" \/>\n<meta name=\"twitter:label1\" content=\"\u00c9crit par\" \/>\n\t<meta name=\"twitter:data1\" content=\"clotilde\" \/>\n\t<meta name=\"twitter:label2\" content=\"Dur\u00e9e de lecture estim\u00e9e\" \/>\n\t<meta name=\"twitter:data2\" content=\"1 minute\" \/>\n<script type=\"application\/ld+json\" class=\"yoast-schema-graph\">{\"@context\":\"https:\/\/schema.org\",\"@graph\":[{\"@type\":\"WebPage\",\"@id\":\"https:\/\/reseau-amylose.org\/rechercheamylose\/2eme-cfma-mardi-20-juin-2023\/\",\"url\":\"https:\/\/reseau-amylose.org\/rechercheamylose\/2eme-cfma-mardi-20-juin-2023\/\",\"name\":\"2\u00e8me CFMA - Mardi 20 juin 2023 - R\u00e9seau Amylose Recherche\",\"isPartOf\":{\"@id\":\"https:\/\/reseau-amylose.org\/rechercheamylose\/#website\"},\"primaryImageOfPage\":{\"@id\":\"https:\/\/reseau-amylose.org\/rechercheamylose\/2eme-cfma-mardi-20-juin-2023\/#primaryimage\"},\"image\":{\"@id\":\"https:\/\/reseau-amylose.org\/rechercheamylose\/2eme-cfma-mardi-20-juin-2023\/#primaryimage\"},\"thumbnailUrl\":\"https:\/\/reseau-amylose.org\/rechercheamylose\/wp-content\/uploads\/sites\/3\/2023\/04\/Capture-decran-2023-04-07-a-10.55.27-1024x629.png\",\"datePublished\":\"2023-04-07T08:48:27+00:00\",\"dateModified\":\"2023-04-07T09:03:50+00:00\",\"author\":{\"@id\":\"https:\/\/reseau-amylose.org\/rechercheamylose\/#\/schema\/person\/8051a9db0408f31b59e66b2cac32d79d\"},\"breadcrumb\":{\"@id\":\"https:\/\/reseau-amylose.org\/rechercheamylose\/2eme-cfma-mardi-20-juin-2023\/#breadcrumb\"},\"inLanguage\":\"fr-FR\",\"potentialAction\":[{\"@type\":\"ReadAction\",\"target\":[\"https:\/\/reseau-amylose.org\/rechercheamylose\/2eme-cfma-mardi-20-juin-2023\/\"]}]},{\"@type\":\"ImageObject\",\"inLanguage\":\"fr-FR\",\"@id\":\"https:\/\/reseau-amylose.org\/rechercheamylose\/2eme-cfma-mardi-20-juin-2023\/#primaryimage\",\"url\":\"http:\/\/reseau-amylose.org\/rechercheamylose\/wp-content\/uploads\/sites\/3\/2023\/04\/Capture-decran-2023-04-07-a-10.55.27.png\",\"contentUrl\":\"http:\/\/reseau-amylose.org\/rechercheamylose\/wp-content\/uploads\/sites\/3\/2023\/04\/Capture-decran-2023-04-07-a-10.55.27.png\",\"width\":1604,\"height\":986},{\"@type\":\"BreadcrumbList\",\"@id\":\"https:\/\/reseau-amylose.org\/rechercheamylose\/2eme-cfma-mardi-20-juin-2023\/#breadcrumb\",\"itemListElement\":[{\"@type\":\"ListItem\",\"position\":1,\"name\":\"Accueil\",\"item\":\"https:\/\/reseau-amylose.org\/rechercheamylose\/\"},{\"@type\":\"ListItem\",\"position\":2,\"name\":\"2\u00e8me CFMA &#8211; Mardi 20 juin 2023\"}]},{\"@type\":\"WebSite\",\"@id\":\"https:\/\/reseau-amylose.org\/rechercheamylose\/#website\",\"url\":\"https:\/\/reseau-amylose.org\/rechercheamylose\/\",\"name\":\"R\u00e9seau Amylose Recherche\",\"description\":\"Centre de r\u00e9f\u00e9rence des amyloses cardiaques\",\"potentialAction\":[{\"@type\":\"SearchAction\",\"target\":{\"@type\":\"EntryPoint\",\"urlTemplate\":\"https:\/\/reseau-amylose.org\/rechercheamylose\/?s={search_term_string}\"},\"query-input\":{\"@type\":\"PropertyValueSpecification\",\"valueRequired\":true,\"valueName\":\"search_term_string\"}}],\"inLanguage\":\"fr-FR\"},{\"@type\":\"Person\",\"@id\":\"https:\/\/reseau-amylose.org\/rechercheamylose\/#\/schema\/person\/8051a9db0408f31b59e66b2cac32d79d\",\"name\":\"clotilde\",\"image\":{\"@type\":\"ImageObject\",\"inLanguage\":\"fr-FR\",\"@id\":\"https:\/\/reseau-amylose.org\/rechercheamylose\/#\/schema\/person\/image\/\",\"url\":\"https:\/\/secure.gravatar.com\/avatar\/3f641b4dd50c316d26405faeae0e8e51a740bc88d8b45a75e5562aa57653f388?s=96&d=mm&r=g\",\"contentUrl\":\"https:\/\/secure.gravatar.com\/avatar\/3f641b4dd50c316d26405faeae0e8e51a740bc88d8b45a75e5562aa57653f388?s=96&d=mm&r=g\",\"caption\":\"clotilde\"},\"url\":\"http:\/\/reseau-amylose.org\/rechercheamylose\/author\/clotilde\/\"}]}<\/script>\n<!-- \/ Yoast SEO plugin. -->","yoast_head_json":{"title":"2\u00e8me CFMA - Mardi 20 juin 2023 - R\u00e9seau Amylose Recherche","robots":{"index":"index","follow":"follow","max-snippet":"max-snippet:-1","max-image-preview":"max-image-preview:large","max-video-preview":"max-video-preview:-1"},"canonical":"https:\/\/reseau-amylose.org\/rechercheamylose\/2eme-cfma-mardi-20-juin-2023\/","og_locale":"fr_FR","og_type":"article","og_title":"2\u00e8me CFMA - Mardi 20 juin 2023 - R\u00e9seau Amylose Recherche","og_description":"Congr\u00e8s Francophone Multidisciplinaire de l&rsquo;Amylose Chers amis, chers coll\u00e8gues, Tous les\u00a0centres de r\u00e9f\u00e9rence de l\u2019amylose\u00a0se mobilisent afin de proposer le\u00a02e\u00a0Congr\u00e8s Francophone Multidisciplinaire de l\u2019Amylose. Autour du th\u00e8me \u00ab\u00a0Regards crois\u00e9s et innovations\u00a0!\u00a0\u00bb, cette rencontre sera l\u2019occasion de\u00a0f\u00e9d\u00e9rer les acteurs de la pathologie\u00a0et de faire le point sur\u00a0les parcours de soin et le traitement des amyloses.\u00a0Une place [&hellip;]","og_url":"https:\/\/reseau-amylose.org\/rechercheamylose\/2eme-cfma-mardi-20-juin-2023\/","og_site_name":"R\u00e9seau Amylose Recherche","article_published_time":"2023-04-07T08:48:27+00:00","article_modified_time":"2023-04-07T09:03:50+00:00","og_image":[{"url":"https:\/\/reseau-amylose.org\/rechercheamylose\/wp-content\/uploads\/sites\/3\/2023\/04\/Capture-decran-2023-04-07-a-10.55.27-1024x629.png","type":"","width":"","height":""}],"author":"clotilde","twitter_card":"summary_large_image","twitter_misc":{"\u00c9crit par":"clotilde","Dur\u00e9e de lecture estim\u00e9e":"1 minute"},"schema":{"@context":"https:\/\/schema.org","@graph":[{"@type":"WebPage","@id":"https:\/\/reseau-amylose.org\/rechercheamylose\/2eme-cfma-mardi-20-juin-2023\/","url":"https:\/\/reseau-amylose.org\/rechercheamylose\/2eme-cfma-mardi-20-juin-2023\/","name":"2\u00e8me CFMA - Mardi 20 juin 2023 - R\u00e9seau Amylose Recherche","isPartOf":{"@id":"https:\/\/reseau-amylose.org\/rechercheamylose\/#website"},"primaryImageOfPage":{"@id":"https:\/\/reseau-amylose.org\/rechercheamylose\/2eme-cfma-mardi-20-juin-2023\/#primaryimage"},"image":{"@id":"https:\/\/reseau-amylose.org\/rechercheamylose\/2eme-cfma-mardi-20-juin-2023\/#primaryimage"},"thumbnailUrl":"https:\/\/reseau-amylose.org\/rechercheamylose\/wp-content\/uploads\/sites\/3\/2023\/04\/Capture-decran-2023-04-07-a-10.55.27-1024x629.png","datePublished":"2023-04-07T08:48:27+00:00","dateModified":"2023-04-07T09:03:50+00:00","author":{"@id":"https:\/\/reseau-amylose.org\/rechercheamylose\/#\/schema\/person\/8051a9db0408f31b59e66b2cac32d79d"},"breadcrumb":{"@id":"https:\/\/reseau-amylose.org\/rechercheamylose\/2eme-cfma-mardi-20-juin-2023\/#breadcrumb"},"inLanguage":"fr-FR","potentialAction":[{"@type":"ReadAction","target":["https:\/\/reseau-amylose.org\/rechercheamylose\/2eme-cfma-mardi-20-juin-2023\/"]}]},{"@type":"ImageObject","inLanguage":"fr-FR","@id":"https:\/\/reseau-amylose.org\/rechercheamylose\/2eme-cfma-mardi-20-juin-2023\/#primaryimage","url":"http:\/\/reseau-amylose.org\/rechercheamylose\/wp-content\/uploads\/sites\/3\/2023\/04\/Capture-decran-2023-04-07-a-10.55.27.png","contentUrl":"http:\/\/reseau-amylose.org\/rechercheamylose\/wp-content\/uploads\/sites\/3\/2023\/04\/Capture-decran-2023-04-07-a-10.55.27.png","width":1604,"height":986},{"@type":"BreadcrumbList","@id":"https:\/\/reseau-amylose.org\/rechercheamylose\/2eme-cfma-mardi-20-juin-2023\/#breadcrumb","itemListElement":[{"@type":"ListItem","position":1,"name":"Accueil","item":"https:\/\/reseau-amylose.org\/rechercheamylose\/"},{"@type":"ListItem","position":2,"name":"2\u00e8me CFMA &#8211; Mardi 20 juin 2023"}]},{"@type":"WebSite","@id":"https:\/\/reseau-amylose.org\/rechercheamylose\/#website","url":"https:\/\/reseau-amylose.org\/rechercheamylose\/","name":"R\u00e9seau Amylose Recherche","description":"Centre de r\u00e9f\u00e9rence des amyloses cardiaques","potentialAction":[{"@type":"SearchAction","target":{"@type":"EntryPoint","urlTemplate":"https:\/\/reseau-amylose.org\/rechercheamylose\/?s={search_term_string}"},"query-input":{"@type":"PropertyValueSpecification","valueRequired":true,"valueName":"search_term_string"}}],"inLanguage":"fr-FR"},{"@type":"Person","@id":"https:\/\/reseau-amylose.org\/rechercheamylose\/#\/schema\/person\/8051a9db0408f31b59e66b2cac32d79d","name":"clotilde","image":{"@type":"ImageObject","inLanguage":"fr-FR","@id":"https:\/\/reseau-amylose.org\/rechercheamylose\/#\/schema\/person\/image\/","url":"https:\/\/secure.gravatar.com\/avatar\/3f641b4dd50c316d26405faeae0e8e51a740bc88d8b45a75e5562aa57653f388?s=96&d=mm&r=g","contentUrl":"https:\/\/secure.gravatar.com\/avatar\/3f641b4dd50c316d26405faeae0e8e51a740bc88d8b45a75e5562aa57653f388?s=96&d=mm&r=g","caption":"clotilde"},"url":"http:\/\/reseau-amylose.org\/rechercheamylose\/author\/clotilde\/"}]}},"jetpack_featured_media_url":"","_links":{"self":[{"href":"http:\/\/reseau-amylose.org\/rechercheamylose\/wp-json\/wp\/v2\/posts\/3601","targetHints":{"allow":["GET"]}}],"collection":[{"href":"http:\/\/reseau-amylose.org\/rechercheamylose\/wp-json\/wp\/v2\/posts"}],"about":[{"href":"http:\/\/reseau-amylose.org\/rechercheamylose\/wp-json\/wp\/v2\/types\/post"}],"author":[{"embeddable":true,"href":"http:\/\/reseau-amylose.org\/rechercheamylose\/wp-json\/wp\/v2\/users\/2"}],"replies":[{"embeddable":true,"href":"http:\/\/reseau-amylose.org\/rechercheamylose\/wp-json\/wp\/v2\/comments?post=3601"}],"version-history":[{"count":7,"href":"http:\/\/reseau-amylose.org\/rechercheamylose\/wp-json\/wp\/v2\/posts\/3601\/revisions"}],"predecessor-version":[{"id":3611,"href":"http:\/\/reseau-amylose.org\/rechercheamylose\/wp-json\/wp\/v2\/posts\/3601\/revisions\/3611"}],"wp:attachment":[{"href":"http:\/\/reseau-amylose.org\/rechercheamylose\/wp-json\/wp\/v2\/media?parent=3601"}],"wp:term":[{"taxonomy":"category","embeddable":true,"href":"http:\/\/reseau-amylose.org\/rechercheamylose\/wp-json\/wp\/v2\/categories?post=3601"},{"taxonomy":"post_tag","embeddable":true,"href":"http:\/\/reseau-amylose.org\/rechercheamylose\/wp-json\/wp\/v2\/tags?post=3601"}],"curies":[{"name":"wp","href":"https:\/\/api.w.org\/{rel}","templated":true}]}}