{"id":2671,"date":"2020-12-01T10:08:55","date_gmt":"2020-12-01T10:08:55","guid":{"rendered":"https:\/\/www.reseau-amylose.org\/jesuissoignant\/?p=2671"},"modified":"2020-12-01T10:08:55","modified_gmt":"2020-12-01T10:08:55","slug":"premiere-journee-des-amyloses-cardiaques-pour-les-cardiologues-jacc-samedi-19-decembre","status":"publish","type":"post","link":"http:\/\/reseau-amylose.org\/jesuissoignant\/premiere-journee-des-amyloses-cardiaques-pour-les-cardiologues-jacc-samedi-19-decembre\/","title":{"rendered":"Premi\u00e8re Journ\u00e9e des Amyloses Cardiaques pour les Cardiologues (JACC) &#8211; Samedi 19 d\u00e9cembre"},"content":{"rendered":"\t\t<div data-elementor-type=\"wp-post\" data-elementor-id=\"2671\" class=\"elementor elementor-2671\" data-elementor-post-type=\"post\">\n\t\t\t\t\t\t<section class=\"elementor-section elementor-top-section elementor-element elementor-element-10806869 elementor-section-content-middle elementor-section-boxed elementor-section-height-default elementor-section-height-default\" data-id=\"10806869\" data-element_type=\"section\" data-settings=\"{&quot;background_background&quot;:&quot;classic&quot;}\">\n\t\t\t\t\t\t<div class=\"elementor-container elementor-column-gap-no\">\n\t\t\t\t\t<div class=\"elementor-column elementor-col-100 elementor-top-column elementor-element elementor-element-74b6b2e9\" data-id=\"74b6b2e9\" data-element_type=\"column\">\n\t\t\t<div class=\"elementor-widget-wrap elementor-element-populated\">\n\t\t\t\t\t\t<div class=\"elementor-element elementor-element-656da6f8 elementor-widget-divider--view-line elementor-widget elementor-widget-divider\" data-id=\"656da6f8\" data-element_type=\"widget\" data-widget_type=\"divider.default\">\n\t\t\t\t<div class=\"elementor-widget-container\">\n\t\t\t\t\t\t\t<div class=\"elementor-divider\">\n\t\t\t<span class=\"elementor-divider-separator\">\n\t\t\t\t\t\t<\/span>\n\t\t<\/div>\n\t\t\t\t\t\t<\/div>\n\t\t\t\t<\/div>\n\t\t\t\t\t<\/div>\n\t\t<\/div>\n\t\t\t\t\t<\/div>\n\t\t<\/section>\n\t\t\t\t<section class=\"elementor-section elementor-top-section elementor-element elementor-element-09fc83a elementor-section-boxed elementor-section-height-default elementor-section-height-default\" data-id=\"09fc83a\" data-element_type=\"section\">\n\t\t\t\t\t\t<div class=\"elementor-container elementor-column-gap-default\">\n\t\t\t\t\t<div class=\"elementor-column elementor-col-100 elementor-top-column elementor-element elementor-element-4fee66a\" data-id=\"4fee66a\" data-element_type=\"column\">\n\t\t\t<div class=\"elementor-widget-wrap elementor-element-populated\">\n\t\t\t\t\t\t<div class=\"elementor-element elementor-element-5274362 elementor-widget elementor-widget-text-editor\" data-id=\"5274362\" data-element_type=\"widget\" data-widget_type=\"text-editor.default\">\n\t\t\t\t<div class=\"elementor-widget-container\">\n\t\t\t\t\t\t\t\t\t<p class=\"text-align-justify\"><span style=\"color: #000000;\">Chers amis, chers coll\u00e8gues,<\/span><\/p><p class=\"text-align-justify\"><span style=\"color: #000000;\">Cette 1\u00e8re JACC aura lieu en Webinar et doit devenir\u00a0 un rendez-vous annuel important pour d\u00e9battre librement des nouveaut\u00e9s scientifiques, cliniques et th\u00e9rapeutiques de l&rsquo;amylose.<\/span><\/p><p class=\"text-align-justify\"><span style=\"color: #000000;\">Les nouveaux outils dans le diagnostic seront expos\u00e9s et \u00e9valu\u00e9s. Les actualit\u00e9s sur les traitements seront pr\u00e9sent\u00e9es afin de suivre au plus pr\u00e8s les \u00e9volutions en pleine expansion.<\/span><\/p><p class=\"text-align-justify\"><span style=\"color: #000000;\">Cette journ\u00e9e est faite pour vous&#8230; Nous comptons sur votre pr\u00e9sence !<\/span><\/p><p><img fetchpriority=\"high\" decoding=\"async\" class=\"aligncenter wp-image-7574 size-full\" src=\"https:\/\/www.reseau-amylose.org\/wp-content\/uploads\/2020\/12\/2020-JACC-bandeau_web.jpg\" alt=\"\" width=\"1920\" height=\"782\" \/><\/p><p class=\"text-align-justify\"><span style=\"color: #000000;\">Programme de la journ\u00e9e :<\/span><\/p><ul><li class=\"text-align-justify\"><span style=\"color: #000000;\">Chez qui suspecter une amylose cardiaque en consultation ?<\/span><br \/><span style=\"color: #000000;\"><em>Dr Pierre Sabouret, Paris<\/em><\/span><\/li><li class=\"text-align-justify\"><span style=\"color: #000000;\">Quels examens prescrire au cabinet et qu&rsquo;en attendre ?<\/span><br \/><span style=\"color: #000000;\"><em>Pr Olivier Lairez, Toulouse<\/em><\/span><\/li><li class=\"text-align-justify\"><span style=\"color: #000000;\">Comment adapter le traitement cardiologique ?<\/span><br \/><span style=\"color: #000000;\"><em>Dr Lisa Green, Lyon<\/em><\/span><\/li><li class=\"text-align-justify\"><span style=\"color: #000000;\">Quels sont les traitements sp\u00e9cifiques des amyloses ?<\/span><br \/><span style=\"color: #000000;\"><em>Pr Thibaud Damy, Cr\u00e9teil<\/em><\/span><\/li><\/ul><h3 style=\"text-align: center;\">Inscription : <a href=\"https:\/\/app.urlweb.pro\/s\/index.php?a=JTk2aSU5NnElOTclQUM=&amp;id=JTk4ayU5NG4lOUUlQUI=\">CLIQUEZ ICI<\/a><\/h3><p>\u00a0<\/p>\t\t\t\t\t\t\t\t<\/div>\n\t\t\t\t<\/div>\n\t\t\t\t\t<\/div>\n\t\t<\/div>\n\t\t\t\t\t<\/div>\n\t\t<\/section>\n\t\t\t\t<\/div>\n\t\t","protected":false},"excerpt":{"rendered":"<p>Chers amis, chers coll\u00e8gues, Cette 1\u00e8re JACC aura lieu en Webinar et doit devenir\u00a0 un rendez-vous annuel important pour d\u00e9battre librement des nouveaut\u00e9s scientifiques, cliniques et th\u00e9rapeutiques de l&rsquo;amylose. Les nouveaux outils dans le diagnostic seront expos\u00e9s et \u00e9valu\u00e9s. Les actualit\u00e9s sur les traitements seront pr\u00e9sent\u00e9es afin de suivre au plus pr\u00e8s les \u00e9volutions en [&hellip;]<\/p>\n","protected":false},"author":1,"featured_media":0,"comment_status":"open","ping_status":"open","sticky":false,"template":"","format":"standard","meta":{"_monsterinsights_skip_tracking":false,"_monsterinsights_sitenote_active":false,"_monsterinsights_sitenote_note":"","_monsterinsights_sitenote_category":0,"footnotes":""},"categories":[7],"tags":[],"class_list":["post-2671","post","type-post","status-publish","format-standard","hentry","category-uncategorized"],"yoast_head":"<!-- This site is optimized with the Yoast SEO plugin v25.5 - https:\/\/yoast.com\/wordpress\/plugins\/seo\/ -->\n<title>Premi\u00e8re Journ\u00e9e des Amyloses Cardiaques pour les Cardiologues (JACC) - Samedi 19 d\u00e9cembre - R\u00e9seau Amylose<\/title>\n<meta name=\"robots\" content=\"index, follow, max-snippet:-1, max-image-preview:large, max-video-preview:-1\" \/>\n<link rel=\"canonical\" href=\"https:\/\/reseau-amylose.org\/jesuissoignant\/premiere-journee-des-amyloses-cardiaques-pour-les-cardiologues-jacc-samedi-19-decembre\/\" \/>\n<meta property=\"og:locale\" content=\"fr_FR\" \/>\n<meta property=\"og:type\" content=\"article\" \/>\n<meta property=\"og:title\" content=\"Premi\u00e8re Journ\u00e9e des Amyloses Cardiaques pour les Cardiologues (JACC) - Samedi 19 d\u00e9cembre - R\u00e9seau Amylose\" \/>\n<meta property=\"og:description\" content=\"Chers amis, chers coll\u00e8gues, Cette 1\u00e8re JACC aura lieu en Webinar et doit devenir\u00a0 un rendez-vous annuel important pour d\u00e9battre librement des nouveaut\u00e9s scientifiques, cliniques et th\u00e9rapeutiques de l&rsquo;amylose. Les nouveaux outils dans le diagnostic seront expos\u00e9s et \u00e9valu\u00e9s. Les actualit\u00e9s sur les traitements seront pr\u00e9sent\u00e9es afin de suivre au plus pr\u00e8s les \u00e9volutions en [&hellip;]\" \/>\n<meta property=\"og:url\" content=\"https:\/\/reseau-amylose.org\/jesuissoignant\/premiere-journee-des-amyloses-cardiaques-pour-les-cardiologues-jacc-samedi-19-decembre\/\" \/>\n<meta property=\"og:site_name\" content=\"R\u00e9seau Amylose\" \/>\n<meta property=\"article:published_time\" content=\"2020-12-01T10:08:55+00:00\" \/>\n<meta property=\"og:image\" content=\"https:\/\/www.reseau-amylose.org\/wp-content\/uploads\/2020\/12\/2020-JACC-bandeau_web.jpg\" \/>\n<meta name=\"author\" content=\"Admin_Webmaster\" \/>\n<meta name=\"twitter:card\" content=\"summary_large_image\" \/>\n<meta name=\"twitter:label1\" content=\"\u00c9crit par\" \/>\n\t<meta name=\"twitter:data1\" content=\"Admin_Webmaster\" \/>\n\t<meta name=\"twitter:label2\" content=\"Dur\u00e9e de lecture estim\u00e9e\" \/>\n\t<meta name=\"twitter:data2\" content=\"1 minute\" \/>\n<script type=\"application\/ld+json\" class=\"yoast-schema-graph\">{\"@context\":\"https:\/\/schema.org\",\"@graph\":[{\"@type\":\"WebPage\",\"@id\":\"https:\/\/reseau-amylose.org\/jesuissoignant\/premiere-journee-des-amyloses-cardiaques-pour-les-cardiologues-jacc-samedi-19-decembre\/\",\"url\":\"https:\/\/reseau-amylose.org\/jesuissoignant\/premiere-journee-des-amyloses-cardiaques-pour-les-cardiologues-jacc-samedi-19-decembre\/\",\"name\":\"Premi\u00e8re Journ\u00e9e des Amyloses Cardiaques pour les Cardiologues (JACC) - Samedi 19 d\u00e9cembre - R\u00e9seau Amylose\",\"isPartOf\":{\"@id\":\"https:\/\/reseau-amylose.org\/jesuissoignant\/#website\"},\"primaryImageOfPage\":{\"@id\":\"https:\/\/reseau-amylose.org\/jesuissoignant\/premiere-journee-des-amyloses-cardiaques-pour-les-cardiologues-jacc-samedi-19-decembre\/#primaryimage\"},\"image\":{\"@id\":\"https:\/\/reseau-amylose.org\/jesuissoignant\/premiere-journee-des-amyloses-cardiaques-pour-les-cardiologues-jacc-samedi-19-decembre\/#primaryimage\"},\"thumbnailUrl\":\"https:\/\/www.reseau-amylose.org\/wp-content\/uploads\/2020\/12\/2020-JACC-bandeau_web.jpg\",\"datePublished\":\"2020-12-01T10:08:55+00:00\",\"author\":{\"@id\":\"https:\/\/reseau-amylose.org\/jesuissoignant\/#\/schema\/person\/c15afa65624515fa91b5a9cbe8dc04d7\"},\"breadcrumb\":{\"@id\":\"https:\/\/reseau-amylose.org\/jesuissoignant\/premiere-journee-des-amyloses-cardiaques-pour-les-cardiologues-jacc-samedi-19-decembre\/#breadcrumb\"},\"inLanguage\":\"fr-FR\",\"potentialAction\":[{\"@type\":\"ReadAction\",\"target\":[\"https:\/\/reseau-amylose.org\/jesuissoignant\/premiere-journee-des-amyloses-cardiaques-pour-les-cardiologues-jacc-samedi-19-decembre\/\"]}]},{\"@type\":\"ImageObject\",\"inLanguage\":\"fr-FR\",\"@id\":\"https:\/\/reseau-amylose.org\/jesuissoignant\/premiere-journee-des-amyloses-cardiaques-pour-les-cardiologues-jacc-samedi-19-decembre\/#primaryimage\",\"url\":\"https:\/\/www.reseau-amylose.org\/wp-content\/uploads\/2020\/12\/2020-JACC-bandeau_web.jpg\",\"contentUrl\":\"https:\/\/www.reseau-amylose.org\/wp-content\/uploads\/2020\/12\/2020-JACC-bandeau_web.jpg\"},{\"@type\":\"BreadcrumbList\",\"@id\":\"https:\/\/reseau-amylose.org\/jesuissoignant\/premiere-journee-des-amyloses-cardiaques-pour-les-cardiologues-jacc-samedi-19-decembre\/#breadcrumb\",\"itemListElement\":[{\"@type\":\"ListItem\",\"position\":1,\"name\":\"Accueil\",\"item\":\"https:\/\/reseau-amylose.org\/jesuissoignant\/\"},{\"@type\":\"ListItem\",\"position\":2,\"name\":\"Premi\u00e8re Journ\u00e9e des Amyloses Cardiaques pour les Cardiologues (JACC) &#8211; Samedi 19 d\u00e9cembre\"}]},{\"@type\":\"WebSite\",\"@id\":\"https:\/\/reseau-amylose.org\/jesuissoignant\/#website\",\"url\":\"https:\/\/reseau-amylose.org\/jesuissoignant\/\",\"name\":\"R\u00e9seau Amylose\",\"description\":\"Centre de r\u00e9f\u00e9rence des amyloses cardiaques espace soignant\",\"potentialAction\":[{\"@type\":\"SearchAction\",\"target\":{\"@type\":\"EntryPoint\",\"urlTemplate\":\"https:\/\/reseau-amylose.org\/jesuissoignant\/?s={search_term_string}\"},\"query-input\":{\"@type\":\"PropertyValueSpecification\",\"valueRequired\":true,\"valueName\":\"search_term_string\"}}],\"inLanguage\":\"fr-FR\"},{\"@type\":\"Person\",\"@id\":\"https:\/\/reseau-amylose.org\/jesuissoignant\/#\/schema\/person\/c15afa65624515fa91b5a9cbe8dc04d7\",\"name\":\"Admin_Webmaster\",\"image\":{\"@type\":\"ImageObject\",\"inLanguage\":\"fr-FR\",\"@id\":\"https:\/\/reseau-amylose.org\/jesuissoignant\/#\/schema\/person\/image\/\",\"url\":\"https:\/\/secure.gravatar.com\/avatar\/32149a13153561e8d00e947b779097284f1772709457613590cbdcfcf9cda301?s=96&d=mm&r=g\",\"contentUrl\":\"https:\/\/secure.gravatar.com\/avatar\/32149a13153561e8d00e947b779097284f1772709457613590cbdcfcf9cda301?s=96&d=mm&r=g\",\"caption\":\"Admin_Webmaster\"},\"sameAs\":[\"http:\/\/dev.reseau-amylose.org\"],\"url\":\"http:\/\/reseau-amylose.org\/jesuissoignant\/author\/admin_webmaster\/\"}]}<\/script>\n<!-- \/ Yoast SEO plugin. -->","yoast_head_json":{"title":"Premi\u00e8re Journ\u00e9e des Amyloses Cardiaques pour les Cardiologues (JACC) - Samedi 19 d\u00e9cembre - R\u00e9seau Amylose","robots":{"index":"index","follow":"follow","max-snippet":"max-snippet:-1","max-image-preview":"max-image-preview:large","max-video-preview":"max-video-preview:-1"},"canonical":"https:\/\/reseau-amylose.org\/jesuissoignant\/premiere-journee-des-amyloses-cardiaques-pour-les-cardiologues-jacc-samedi-19-decembre\/","og_locale":"fr_FR","og_type":"article","og_title":"Premi\u00e8re Journ\u00e9e des Amyloses Cardiaques pour les Cardiologues (JACC) - Samedi 19 d\u00e9cembre - R\u00e9seau Amylose","og_description":"Chers amis, chers coll\u00e8gues, Cette 1\u00e8re JACC aura lieu en Webinar et doit devenir\u00a0 un rendez-vous annuel important pour d\u00e9battre librement des nouveaut\u00e9s scientifiques, cliniques et th\u00e9rapeutiques de l&rsquo;amylose. Les nouveaux outils dans le diagnostic seront expos\u00e9s et \u00e9valu\u00e9s. Les actualit\u00e9s sur les traitements seront pr\u00e9sent\u00e9es afin de suivre au plus pr\u00e8s les \u00e9volutions en [&hellip;]","og_url":"https:\/\/reseau-amylose.org\/jesuissoignant\/premiere-journee-des-amyloses-cardiaques-pour-les-cardiologues-jacc-samedi-19-decembre\/","og_site_name":"R\u00e9seau Amylose","article_published_time":"2020-12-01T10:08:55+00:00","og_image":[{"url":"https:\/\/www.reseau-amylose.org\/wp-content\/uploads\/2020\/12\/2020-JACC-bandeau_web.jpg","type":"","width":"","height":""}],"author":"Admin_Webmaster","twitter_card":"summary_large_image","twitter_misc":{"\u00c9crit par":"Admin_Webmaster","Dur\u00e9e de lecture estim\u00e9e":"1 minute"},"schema":{"@context":"https:\/\/schema.org","@graph":[{"@type":"WebPage","@id":"https:\/\/reseau-amylose.org\/jesuissoignant\/premiere-journee-des-amyloses-cardiaques-pour-les-cardiologues-jacc-samedi-19-decembre\/","url":"https:\/\/reseau-amylose.org\/jesuissoignant\/premiere-journee-des-amyloses-cardiaques-pour-les-cardiologues-jacc-samedi-19-decembre\/","name":"Premi\u00e8re Journ\u00e9e des Amyloses Cardiaques pour les Cardiologues (JACC) - Samedi 19 d\u00e9cembre - R\u00e9seau Amylose","isPartOf":{"@id":"https:\/\/reseau-amylose.org\/jesuissoignant\/#website"},"primaryImageOfPage":{"@id":"https:\/\/reseau-amylose.org\/jesuissoignant\/premiere-journee-des-amyloses-cardiaques-pour-les-cardiologues-jacc-samedi-19-decembre\/#primaryimage"},"image":{"@id":"https:\/\/reseau-amylose.org\/jesuissoignant\/premiere-journee-des-amyloses-cardiaques-pour-les-cardiologues-jacc-samedi-19-decembre\/#primaryimage"},"thumbnailUrl":"https:\/\/www.reseau-amylose.org\/wp-content\/uploads\/2020\/12\/2020-JACC-bandeau_web.jpg","datePublished":"2020-12-01T10:08:55+00:00","author":{"@id":"https:\/\/reseau-amylose.org\/jesuissoignant\/#\/schema\/person\/c15afa65624515fa91b5a9cbe8dc04d7"},"breadcrumb":{"@id":"https:\/\/reseau-amylose.org\/jesuissoignant\/premiere-journee-des-amyloses-cardiaques-pour-les-cardiologues-jacc-samedi-19-decembre\/#breadcrumb"},"inLanguage":"fr-FR","potentialAction":[{"@type":"ReadAction","target":["https:\/\/reseau-amylose.org\/jesuissoignant\/premiere-journee-des-amyloses-cardiaques-pour-les-cardiologues-jacc-samedi-19-decembre\/"]}]},{"@type":"ImageObject","inLanguage":"fr-FR","@id":"https:\/\/reseau-amylose.org\/jesuissoignant\/premiere-journee-des-amyloses-cardiaques-pour-les-cardiologues-jacc-samedi-19-decembre\/#primaryimage","url":"https:\/\/www.reseau-amylose.org\/wp-content\/uploads\/2020\/12\/2020-JACC-bandeau_web.jpg","contentUrl":"https:\/\/www.reseau-amylose.org\/wp-content\/uploads\/2020\/12\/2020-JACC-bandeau_web.jpg"},{"@type":"BreadcrumbList","@id":"https:\/\/reseau-amylose.org\/jesuissoignant\/premiere-journee-des-amyloses-cardiaques-pour-les-cardiologues-jacc-samedi-19-decembre\/#breadcrumb","itemListElement":[{"@type":"ListItem","position":1,"name":"Accueil","item":"https:\/\/reseau-amylose.org\/jesuissoignant\/"},{"@type":"ListItem","position":2,"name":"Premi\u00e8re Journ\u00e9e des Amyloses Cardiaques pour les Cardiologues (JACC) &#8211; Samedi 19 d\u00e9cembre"}]},{"@type":"WebSite","@id":"https:\/\/reseau-amylose.org\/jesuissoignant\/#website","url":"https:\/\/reseau-amylose.org\/jesuissoignant\/","name":"R\u00e9seau Amylose","description":"Centre de r\u00e9f\u00e9rence des amyloses cardiaques espace soignant","potentialAction":[{"@type":"SearchAction","target":{"@type":"EntryPoint","urlTemplate":"https:\/\/reseau-amylose.org\/jesuissoignant\/?s={search_term_string}"},"query-input":{"@type":"PropertyValueSpecification","valueRequired":true,"valueName":"search_term_string"}}],"inLanguage":"fr-FR"},{"@type":"Person","@id":"https:\/\/reseau-amylose.org\/jesuissoignant\/#\/schema\/person\/c15afa65624515fa91b5a9cbe8dc04d7","name":"Admin_Webmaster","image":{"@type":"ImageObject","inLanguage":"fr-FR","@id":"https:\/\/reseau-amylose.org\/jesuissoignant\/#\/schema\/person\/image\/","url":"https:\/\/secure.gravatar.com\/avatar\/32149a13153561e8d00e947b779097284f1772709457613590cbdcfcf9cda301?s=96&d=mm&r=g","contentUrl":"https:\/\/secure.gravatar.com\/avatar\/32149a13153561e8d00e947b779097284f1772709457613590cbdcfcf9cda301?s=96&d=mm&r=g","caption":"Admin_Webmaster"},"sameAs":["http:\/\/dev.reseau-amylose.org"],"url":"http:\/\/reseau-amylose.org\/jesuissoignant\/author\/admin_webmaster\/"}]}},"jetpack_featured_media_url":"","_links":{"self":[{"href":"http:\/\/reseau-amylose.org\/jesuissoignant\/wp-json\/wp\/v2\/posts\/2671","targetHints":{"allow":["GET"]}}],"collection":[{"href":"http:\/\/reseau-amylose.org\/jesuissoignant\/wp-json\/wp\/v2\/posts"}],"about":[{"href":"http:\/\/reseau-amylose.org\/jesuissoignant\/wp-json\/wp\/v2\/types\/post"}],"author":[{"embeddable":true,"href":"http:\/\/reseau-amylose.org\/jesuissoignant\/wp-json\/wp\/v2\/users\/1"}],"replies":[{"embeddable":true,"href":"http:\/\/reseau-amylose.org\/jesuissoignant\/wp-json\/wp\/v2\/comments?post=2671"}],"version-history":[{"count":0,"href":"http:\/\/reseau-amylose.org\/jesuissoignant\/wp-json\/wp\/v2\/posts\/2671\/revisions"}],"wp:attachment":[{"href":"http:\/\/reseau-amylose.org\/jesuissoignant\/wp-json\/wp\/v2\/media?parent=2671"}],"wp:term":[{"taxonomy":"category","embeddable":true,"href":"http:\/\/reseau-amylose.org\/jesuissoignant\/wp-json\/wp\/v2\/categories?post=2671"},{"taxonomy":"post_tag","embeddable":true,"href":"http:\/\/reseau-amylose.org\/jesuissoignant\/wp-json\/wp\/v2\/tags?post=2671"}],"curies":[{"name":"wp","href":"https:\/\/api.w.org\/{rel}","templated":true}]}}