{"id":2660,"date":"2020-12-01T09:29:12","date_gmt":"2020-12-01T09:29:12","guid":{"rendered":"https:\/\/www.reseau-amylose.org\/jesuissoignant\/?p=2660"},"modified":"2020-12-01T09:29:12","modified_gmt":"2020-12-01T09:29:12","slug":"3eme-masterclass-amyloses-cardiaques-mac","status":"publish","type":"post","link":"http:\/\/reseau-amylose.org\/jesuissoignant\/3eme-masterclass-amyloses-cardiaques-mac\/","title":{"rendered":"3\u00e8me Masterclass Amyloses Cardiaques (MAC) &#8211; Jeudi 17 d\u00e9cembre"},"content":{"rendered":"\t\t<div data-elementor-type=\"wp-post\" data-elementor-id=\"2660\" class=\"elementor elementor-2660\" data-elementor-post-type=\"post\">\n\t\t\t\t\t\t<section class=\"elementor-section elementor-top-section elementor-element elementor-element-751982c9 elementor-section-content-middle elementor-section-boxed elementor-section-height-default elementor-section-height-default\" data-id=\"751982c9\" data-element_type=\"section\" data-settings=\"{&quot;background_background&quot;:&quot;classic&quot;}\">\n\t\t\t\t\t\t<div class=\"elementor-container elementor-column-gap-no\">\n\t\t\t\t\t<div class=\"elementor-column elementor-col-100 elementor-top-column elementor-element elementor-element-559b5348\" data-id=\"559b5348\" data-element_type=\"column\">\n\t\t\t<div class=\"elementor-widget-wrap elementor-element-populated\">\n\t\t\t\t\t\t<div class=\"elementor-element elementor-element-2aeffdeb elementor-widget-divider--view-line elementor-widget elementor-widget-divider\" data-id=\"2aeffdeb\" data-element_type=\"widget\" data-widget_type=\"divider.default\">\n\t\t\t\t<div class=\"elementor-widget-container\">\n\t\t\t\t\t\t\t<div class=\"elementor-divider\">\n\t\t\t<span class=\"elementor-divider-separator\">\n\t\t\t\t\t\t<\/span>\n\t\t<\/div>\n\t\t\t\t\t\t<\/div>\n\t\t\t\t<\/div>\n\t\t\t\t\t<\/div>\n\t\t<\/div>\n\t\t\t\t\t<\/div>\n\t\t<\/section>\n\t\t\t\t<section class=\"elementor-section elementor-top-section elementor-element elementor-element-42e0a1d elementor-section-boxed elementor-section-height-default elementor-section-height-default\" data-id=\"42e0a1d\" data-element_type=\"section\">\n\t\t\t\t\t\t<div class=\"elementor-container elementor-column-gap-default\">\n\t\t\t\t\t<div class=\"elementor-column elementor-col-100 elementor-top-column elementor-element elementor-element-b664a91\" data-id=\"b664a91\" data-element_type=\"column\">\n\t\t\t<div class=\"elementor-widget-wrap elementor-element-populated\">\n\t\t\t\t\t\t<div class=\"elementor-element elementor-element-f007ba0 elementor-widget elementor-widget-text-editor\" data-id=\"f007ba0\" data-element_type=\"widget\" data-widget_type=\"text-editor.default\">\n\t\t\t\t<div class=\"elementor-widget-container\">\n\t\t\t\t\t\t\t\t\t<div><span style=\"color: #000000;\">Rejoignez-nous\u00a0<b>jeudi 17 d\u00e9cembre<\/b>\u00a0prochain pour suivre en direct la\u00a0<b>3<sup>\u00e8me<\/sup>\u00a0MasterClass sur les Amyloses Cardiaques\u00a0<\/b>qui vous est propos\u00e9e dans un format in\u00e9dit, 100% digital.<\/span><\/div><p><span style=\"color: #000000;\"><br \/><img decoding=\"async\" class=\"aligncenter wp-image-7499\" src=\"https:\/\/www.reseau-amylose.org\/wp-content\/uploads\/2020\/12\/unnamed-300x300.jpg\" alt=\"\" width=\"137\" height=\"137\" \/><\/span><\/p><div><span style=\"color: #000000;\">Elle est r\u00e9alis\u00e9e avec le soutien de la fili\u00e8re Cardiogen et du GICC. Cette journ\u00e9e fait suite aux deux premi\u00e8res rencontres organis\u00e9es en 2018 et 2019 sur le th\u00e8me du diagnostic et du typage des amyloses cardiaques, sur la prise en charge m\u00e9dicale, rythmologique et chirurgicale des patients amylo\u00efdes et les traitements sp\u00e9cifiques des amyloses cardiaques. Les <strong>enregistrements des communications et des \u00e9changes de ces deux premi\u00e8res \u00e9ditions sont disponibles en consultation sur la cha\u00eene YouTube du R\u00e9seau Amylose<\/strong>.<\/span><\/div><div>\u00a0<\/div><div><span style=\"color: #000000;\">Le programme consacr\u00e9 cette ann\u00e9e \u00e0\u00a0<b>l\u2019amylose \u00e0 transthyr\u00e9tine sauvage dite s\u00e9nile<\/b><b>\u00a0<\/b>s\u2019adressera\u00a0<b>aux cardiologues souhaitant am\u00e9liorer leurs connaissances et leurs comp\u00e9tences pour une meilleure prise en charge des patients. <\/b>Il\u00a0b\u00e9n\u00e9ficiera de\u00a0<b>l\u2019apport des meilleurs experts fran\u00e7ais dans les autres disciplines\u00a0<\/b>et comportera\u00a0<b>des aspects th\u00e9oriques et surtout pratiques<\/b>.<\/span><\/div><div><span style=\"color: #000000;\"><b>L\u2019inscription \u00e0 cette 3<sup>\u00e8me<\/sup>\u00a0MasterClass est gratuite<\/b>, r\u00e9servez vite votre place, nous vous attendons\u00a0<b>nombreux.ses le 17 d\u00e9cembre prochain sur notre \u00ab direct live \u00bb\u00a0<\/b>!<\/span><\/div><h3 style=\"text-align: left;\"><span style=\"color: #000000;\">Inscription et programme :<\/span> <a href=\"http:\/\/www.aproxeml12.com\/XWYSTNUR-28824868-b4e6bf65794b36e\" target=\"_blank\" rel=\"noopener noreferrer\" data-saferedirecturl=\"https:\/\/www.google.com\/url?q=http:\/\/www.aproxeml12.com\/XWYSTNUR-28824868-b4e6bf65794b36e&amp;source=gmail&amp;ust=1606893947900000&amp;usg=AFQjCNHJyK68ep-eJAfI7OaLI4G9qOFoAA\">cliquez ici<\/a><a href=\"http:\/\/www.aproxeml12.com\/XWYSTNUR-28824868-b4e6bf65794b36e\"><img fetchpriority=\"high\" decoding=\"async\" class=\"aligncenter wp-image-7518 size-full\" src=\"https:\/\/www.reseau-amylose.org\/wp-content\/uploads\/2020\/12\/unnamed-1.jpg\" alt=\"\" width=\"640\" height=\"371\" \/><\/a><\/h3><p><img decoding=\"async\" class=\"aligncenter wp-image-7525 size-full\" src=\"https:\/\/www.reseau-amylose.org\/wp-content\/uploads\/2020\/12\/Capture-de\u0301cran-2020-12-01-a\u0300-10.12.32.png\" alt=\"\" width=\"1154\" height=\"656\" \/><\/p>\t\t\t\t\t\t\t\t<\/div>\n\t\t\t\t<\/div>\n\t\t\t\t\t<\/div>\n\t\t<\/div>\n\t\t\t\t\t<\/div>\n\t\t<\/section>\n\t\t\t\t<\/div>\n\t\t","protected":false},"excerpt":{"rendered":"<p>Rejoignez-nous\u00a0jeudi 17 d\u00e9cembre\u00a0prochain pour suivre en direct la\u00a03\u00e8me\u00a0MasterClass sur les Amyloses Cardiaques\u00a0qui vous est propos\u00e9e dans un format in\u00e9dit, 100% digital. Elle est r\u00e9alis\u00e9e avec le soutien de la fili\u00e8re Cardiogen et du GICC. Cette journ\u00e9e fait suite aux deux premi\u00e8res rencontres organis\u00e9es en 2018 et 2019 sur le th\u00e8me du diagnostic et du typage [&hellip;]<\/p>\n","protected":false},"author":1,"featured_media":0,"comment_status":"open","ping_status":"open","sticky":false,"template":"","format":"standard","meta":{"_monsterinsights_skip_tracking":false,"_monsterinsights_sitenote_active":false,"_monsterinsights_sitenote_note":"","_monsterinsights_sitenote_category":0,"footnotes":""},"categories":[7],"tags":[],"class_list":["post-2660","post","type-post","status-publish","format-standard","hentry","category-uncategorized"],"yoast_head":"<!-- This site is optimized with the Yoast SEO plugin v25.5 - https:\/\/yoast.com\/wordpress\/plugins\/seo\/ -->\n<title>3\u00e8me Masterclass Amyloses Cardiaques (MAC) - Jeudi 17 d\u00e9cembre - R\u00e9seau Amylose<\/title>\n<meta name=\"robots\" content=\"index, follow, max-snippet:-1, max-image-preview:large, max-video-preview:-1\" \/>\n<link rel=\"canonical\" href=\"https:\/\/reseau-amylose.org\/jesuissoignant\/3eme-masterclass-amyloses-cardiaques-mac\/\" \/>\n<meta property=\"og:locale\" content=\"fr_FR\" \/>\n<meta property=\"og:type\" content=\"article\" \/>\n<meta property=\"og:title\" content=\"3\u00e8me Masterclass Amyloses Cardiaques (MAC) - Jeudi 17 d\u00e9cembre - R\u00e9seau Amylose\" \/>\n<meta property=\"og:description\" content=\"Rejoignez-nous\u00a0jeudi 17 d\u00e9cembre\u00a0prochain pour suivre en direct la\u00a03\u00e8me\u00a0MasterClass sur les Amyloses Cardiaques\u00a0qui vous est propos\u00e9e dans un format in\u00e9dit, 100% digital. Elle est r\u00e9alis\u00e9e avec le soutien de la fili\u00e8re Cardiogen et du GICC. Cette journ\u00e9e fait suite aux deux premi\u00e8res rencontres organis\u00e9es en 2018 et 2019 sur le th\u00e8me du diagnostic et du typage [&hellip;]\" \/>\n<meta property=\"og:url\" content=\"https:\/\/reseau-amylose.org\/jesuissoignant\/3eme-masterclass-amyloses-cardiaques-mac\/\" \/>\n<meta property=\"og:site_name\" content=\"R\u00e9seau Amylose\" \/>\n<meta property=\"article:published_time\" content=\"2020-12-01T09:29:12+00:00\" \/>\n<meta property=\"og:image\" content=\"https:\/\/www.reseau-amylose.org\/wp-content\/uploads\/2020\/12\/unnamed-300x300.jpg\" \/>\n<meta name=\"author\" content=\"Admin_Webmaster\" \/>\n<meta name=\"twitter:card\" content=\"summary_large_image\" \/>\n<meta name=\"twitter:label1\" content=\"\u00c9crit par\" \/>\n\t<meta name=\"twitter:data1\" content=\"Admin_Webmaster\" \/>\n\t<meta name=\"twitter:label2\" content=\"Dur\u00e9e de lecture estim\u00e9e\" \/>\n\t<meta name=\"twitter:data2\" content=\"1 minute\" \/>\n<script type=\"application\/ld+json\" class=\"yoast-schema-graph\">{\"@context\":\"https:\/\/schema.org\",\"@graph\":[{\"@type\":\"WebPage\",\"@id\":\"https:\/\/reseau-amylose.org\/jesuissoignant\/3eme-masterclass-amyloses-cardiaques-mac\/\",\"url\":\"https:\/\/reseau-amylose.org\/jesuissoignant\/3eme-masterclass-amyloses-cardiaques-mac\/\",\"name\":\"3\u00e8me Masterclass Amyloses Cardiaques (MAC) - Jeudi 17 d\u00e9cembre - R\u00e9seau Amylose\",\"isPartOf\":{\"@id\":\"https:\/\/reseau-amylose.org\/jesuissoignant\/#website\"},\"primaryImageOfPage\":{\"@id\":\"https:\/\/reseau-amylose.org\/jesuissoignant\/3eme-masterclass-amyloses-cardiaques-mac\/#primaryimage\"},\"image\":{\"@id\":\"https:\/\/reseau-amylose.org\/jesuissoignant\/3eme-masterclass-amyloses-cardiaques-mac\/#primaryimage\"},\"thumbnailUrl\":\"https:\/\/www.reseau-amylose.org\/wp-content\/uploads\/2020\/12\/unnamed-300x300.jpg\",\"datePublished\":\"2020-12-01T09:29:12+00:00\",\"author\":{\"@id\":\"https:\/\/reseau-amylose.org\/jesuissoignant\/#\/schema\/person\/c15afa65624515fa91b5a9cbe8dc04d7\"},\"breadcrumb\":{\"@id\":\"https:\/\/reseau-amylose.org\/jesuissoignant\/3eme-masterclass-amyloses-cardiaques-mac\/#breadcrumb\"},\"inLanguage\":\"fr-FR\",\"potentialAction\":[{\"@type\":\"ReadAction\",\"target\":[\"https:\/\/reseau-amylose.org\/jesuissoignant\/3eme-masterclass-amyloses-cardiaques-mac\/\"]}]},{\"@type\":\"ImageObject\",\"inLanguage\":\"fr-FR\",\"@id\":\"https:\/\/reseau-amylose.org\/jesuissoignant\/3eme-masterclass-amyloses-cardiaques-mac\/#primaryimage\",\"url\":\"https:\/\/www.reseau-amylose.org\/wp-content\/uploads\/2020\/12\/unnamed-300x300.jpg\",\"contentUrl\":\"https:\/\/www.reseau-amylose.org\/wp-content\/uploads\/2020\/12\/unnamed-300x300.jpg\"},{\"@type\":\"BreadcrumbList\",\"@id\":\"https:\/\/reseau-amylose.org\/jesuissoignant\/3eme-masterclass-amyloses-cardiaques-mac\/#breadcrumb\",\"itemListElement\":[{\"@type\":\"ListItem\",\"position\":1,\"name\":\"Accueil\",\"item\":\"https:\/\/reseau-amylose.org\/jesuissoignant\/\"},{\"@type\":\"ListItem\",\"position\":2,\"name\":\"3\u00e8me Masterclass Amyloses Cardiaques (MAC) &#8211; Jeudi 17 d\u00e9cembre\"}]},{\"@type\":\"WebSite\",\"@id\":\"https:\/\/reseau-amylose.org\/jesuissoignant\/#website\",\"url\":\"https:\/\/reseau-amylose.org\/jesuissoignant\/\",\"name\":\"R\u00e9seau Amylose\",\"description\":\"Centre de r\u00e9f\u00e9rence des amyloses cardiaques espace soignant\",\"potentialAction\":[{\"@type\":\"SearchAction\",\"target\":{\"@type\":\"EntryPoint\",\"urlTemplate\":\"https:\/\/reseau-amylose.org\/jesuissoignant\/?s={search_term_string}\"},\"query-input\":{\"@type\":\"PropertyValueSpecification\",\"valueRequired\":true,\"valueName\":\"search_term_string\"}}],\"inLanguage\":\"fr-FR\"},{\"@type\":\"Person\",\"@id\":\"https:\/\/reseau-amylose.org\/jesuissoignant\/#\/schema\/person\/c15afa65624515fa91b5a9cbe8dc04d7\",\"name\":\"Admin_Webmaster\",\"image\":{\"@type\":\"ImageObject\",\"inLanguage\":\"fr-FR\",\"@id\":\"https:\/\/reseau-amylose.org\/jesuissoignant\/#\/schema\/person\/image\/\",\"url\":\"https:\/\/secure.gravatar.com\/avatar\/32149a13153561e8d00e947b779097284f1772709457613590cbdcfcf9cda301?s=96&d=mm&r=g\",\"contentUrl\":\"https:\/\/secure.gravatar.com\/avatar\/32149a13153561e8d00e947b779097284f1772709457613590cbdcfcf9cda301?s=96&d=mm&r=g\",\"caption\":\"Admin_Webmaster\"},\"sameAs\":[\"http:\/\/dev.reseau-amylose.org\"],\"url\":\"http:\/\/reseau-amylose.org\/jesuissoignant\/author\/admin_webmaster\/\"}]}<\/script>\n<!-- \/ Yoast SEO plugin. -->","yoast_head_json":{"title":"3\u00e8me Masterclass Amyloses Cardiaques (MAC) - Jeudi 17 d\u00e9cembre - R\u00e9seau Amylose","robots":{"index":"index","follow":"follow","max-snippet":"max-snippet:-1","max-image-preview":"max-image-preview:large","max-video-preview":"max-video-preview:-1"},"canonical":"https:\/\/reseau-amylose.org\/jesuissoignant\/3eme-masterclass-amyloses-cardiaques-mac\/","og_locale":"fr_FR","og_type":"article","og_title":"3\u00e8me Masterclass Amyloses Cardiaques (MAC) - Jeudi 17 d\u00e9cembre - R\u00e9seau Amylose","og_description":"Rejoignez-nous\u00a0jeudi 17 d\u00e9cembre\u00a0prochain pour suivre en direct la\u00a03\u00e8me\u00a0MasterClass sur les Amyloses Cardiaques\u00a0qui vous est propos\u00e9e dans un format in\u00e9dit, 100% digital. Elle est r\u00e9alis\u00e9e avec le soutien de la fili\u00e8re Cardiogen et du GICC. Cette journ\u00e9e fait suite aux deux premi\u00e8res rencontres organis\u00e9es en 2018 et 2019 sur le th\u00e8me du diagnostic et du typage [&hellip;]","og_url":"https:\/\/reseau-amylose.org\/jesuissoignant\/3eme-masterclass-amyloses-cardiaques-mac\/","og_site_name":"R\u00e9seau Amylose","article_published_time":"2020-12-01T09:29:12+00:00","og_image":[{"url":"https:\/\/www.reseau-amylose.org\/wp-content\/uploads\/2020\/12\/unnamed-300x300.jpg","type":"","width":"","height":""}],"author":"Admin_Webmaster","twitter_card":"summary_large_image","twitter_misc":{"\u00c9crit par":"Admin_Webmaster","Dur\u00e9e de lecture estim\u00e9e":"1 minute"},"schema":{"@context":"https:\/\/schema.org","@graph":[{"@type":"WebPage","@id":"https:\/\/reseau-amylose.org\/jesuissoignant\/3eme-masterclass-amyloses-cardiaques-mac\/","url":"https:\/\/reseau-amylose.org\/jesuissoignant\/3eme-masterclass-amyloses-cardiaques-mac\/","name":"3\u00e8me Masterclass Amyloses Cardiaques (MAC) - Jeudi 17 d\u00e9cembre - R\u00e9seau Amylose","isPartOf":{"@id":"https:\/\/reseau-amylose.org\/jesuissoignant\/#website"},"primaryImageOfPage":{"@id":"https:\/\/reseau-amylose.org\/jesuissoignant\/3eme-masterclass-amyloses-cardiaques-mac\/#primaryimage"},"image":{"@id":"https:\/\/reseau-amylose.org\/jesuissoignant\/3eme-masterclass-amyloses-cardiaques-mac\/#primaryimage"},"thumbnailUrl":"https:\/\/www.reseau-amylose.org\/wp-content\/uploads\/2020\/12\/unnamed-300x300.jpg","datePublished":"2020-12-01T09:29:12+00:00","author":{"@id":"https:\/\/reseau-amylose.org\/jesuissoignant\/#\/schema\/person\/c15afa65624515fa91b5a9cbe8dc04d7"},"breadcrumb":{"@id":"https:\/\/reseau-amylose.org\/jesuissoignant\/3eme-masterclass-amyloses-cardiaques-mac\/#breadcrumb"},"inLanguage":"fr-FR","potentialAction":[{"@type":"ReadAction","target":["https:\/\/reseau-amylose.org\/jesuissoignant\/3eme-masterclass-amyloses-cardiaques-mac\/"]}]},{"@type":"ImageObject","inLanguage":"fr-FR","@id":"https:\/\/reseau-amylose.org\/jesuissoignant\/3eme-masterclass-amyloses-cardiaques-mac\/#primaryimage","url":"https:\/\/www.reseau-amylose.org\/wp-content\/uploads\/2020\/12\/unnamed-300x300.jpg","contentUrl":"https:\/\/www.reseau-amylose.org\/wp-content\/uploads\/2020\/12\/unnamed-300x300.jpg"},{"@type":"BreadcrumbList","@id":"https:\/\/reseau-amylose.org\/jesuissoignant\/3eme-masterclass-amyloses-cardiaques-mac\/#breadcrumb","itemListElement":[{"@type":"ListItem","position":1,"name":"Accueil","item":"https:\/\/reseau-amylose.org\/jesuissoignant\/"},{"@type":"ListItem","position":2,"name":"3\u00e8me Masterclass Amyloses Cardiaques (MAC) &#8211; Jeudi 17 d\u00e9cembre"}]},{"@type":"WebSite","@id":"https:\/\/reseau-amylose.org\/jesuissoignant\/#website","url":"https:\/\/reseau-amylose.org\/jesuissoignant\/","name":"R\u00e9seau Amylose","description":"Centre de r\u00e9f\u00e9rence des amyloses cardiaques espace soignant","potentialAction":[{"@type":"SearchAction","target":{"@type":"EntryPoint","urlTemplate":"https:\/\/reseau-amylose.org\/jesuissoignant\/?s={search_term_string}"},"query-input":{"@type":"PropertyValueSpecification","valueRequired":true,"valueName":"search_term_string"}}],"inLanguage":"fr-FR"},{"@type":"Person","@id":"https:\/\/reseau-amylose.org\/jesuissoignant\/#\/schema\/person\/c15afa65624515fa91b5a9cbe8dc04d7","name":"Admin_Webmaster","image":{"@type":"ImageObject","inLanguage":"fr-FR","@id":"https:\/\/reseau-amylose.org\/jesuissoignant\/#\/schema\/person\/image\/","url":"https:\/\/secure.gravatar.com\/avatar\/32149a13153561e8d00e947b779097284f1772709457613590cbdcfcf9cda301?s=96&d=mm&r=g","contentUrl":"https:\/\/secure.gravatar.com\/avatar\/32149a13153561e8d00e947b779097284f1772709457613590cbdcfcf9cda301?s=96&d=mm&r=g","caption":"Admin_Webmaster"},"sameAs":["http:\/\/dev.reseau-amylose.org"],"url":"http:\/\/reseau-amylose.org\/jesuissoignant\/author\/admin_webmaster\/"}]}},"jetpack_featured_media_url":"","_links":{"self":[{"href":"http:\/\/reseau-amylose.org\/jesuissoignant\/wp-json\/wp\/v2\/posts\/2660","targetHints":{"allow":["GET"]}}],"collection":[{"href":"http:\/\/reseau-amylose.org\/jesuissoignant\/wp-json\/wp\/v2\/posts"}],"about":[{"href":"http:\/\/reseau-amylose.org\/jesuissoignant\/wp-json\/wp\/v2\/types\/post"}],"author":[{"embeddable":true,"href":"http:\/\/reseau-amylose.org\/jesuissoignant\/wp-json\/wp\/v2\/users\/1"}],"replies":[{"embeddable":true,"href":"http:\/\/reseau-amylose.org\/jesuissoignant\/wp-json\/wp\/v2\/comments?post=2660"}],"version-history":[{"count":0,"href":"http:\/\/reseau-amylose.org\/jesuissoignant\/wp-json\/wp\/v2\/posts\/2660\/revisions"}],"wp:attachment":[{"href":"http:\/\/reseau-amylose.org\/jesuissoignant\/wp-json\/wp\/v2\/media?parent=2660"}],"wp:term":[{"taxonomy":"category","embeddable":true,"href":"http:\/\/reseau-amylose.org\/jesuissoignant\/wp-json\/wp\/v2\/categories?post=2660"},{"taxonomy":"post_tag","embeddable":true,"href":"http:\/\/reseau-amylose.org\/jesuissoignant\/wp-json\/wp\/v2\/tags?post=2660"}],"curies":[{"name":"wp","href":"https:\/\/api.w.org\/{rel}","templated":true}]}}