{"id":3839,"date":"2024-01-25T14:50:30","date_gmt":"2024-01-25T13:50:30","guid":{"rendered":"https:\/\/reseau-amylose.org\/jesuispatient\/?p=3839"},"modified":"2024-01-25T15:19:42","modified_gmt":"2024-01-25T14:19:42","slug":"international-al-amyloidosis-meeting","status":"publish","type":"post","link":"http:\/\/reseau-amylose.org\/jesuispatient\/international-al-amyloidosis-meeting\/","title":{"rendered":"International AL Amyloidosis Meeting"},"content":{"rendered":"\t\t<div data-elementor-type=\"wp-post\" data-elementor-id=\"3839\" class=\"elementor elementor-3839\" data-elementor-post-type=\"post\">\n\t\t\t\t\t\t<section class=\"elementor-section elementor-top-section elementor-element elementor-element-3bba63c elementor-section-boxed elementor-section-height-default elementor-section-height-default\" data-id=\"3bba63c\" data-element_type=\"section\">\n\t\t\t\t\t\t<div class=\"elementor-container elementor-column-gap-default\">\n\t\t\t\t\t<div class=\"elementor-column elementor-col-100 elementor-top-column elementor-element elementor-element-78621cb\" data-id=\"78621cb\" data-element_type=\"column\">\n\t\t\t<div class=\"elementor-widget-wrap elementor-element-populated\">\n\t\t\t\t\t\t<div class=\"elementor-element elementor-element-4d5ef67 elementor-widget elementor-widget-heading\" data-id=\"4d5ef67\" data-element_type=\"widget\" data-widget_type=\"heading.default\">\n\t\t\t\t<div class=\"elementor-widget-container\">\n\t\t\t\t\t<h1 class=\"elementor-heading-title elementor-size-default\">The First international AL amyloidosis meeting<\/h1>\t\t\t\t<\/div>\n\t\t\t\t<\/div>\n\t\t\t\t\t<\/div>\n\t\t<\/div>\n\t\t\t\t\t<\/div>\n\t\t<\/section>\n\t\t\t\t<section class=\"elementor-section elementor-top-section elementor-element elementor-element-d6a180f elementor-section-boxed elementor-section-height-default elementor-section-height-default\" data-id=\"d6a180f\" data-element_type=\"section\">\n\t\t\t\t\t\t<div class=\"elementor-container elementor-column-gap-default\">\n\t\t\t\t\t<div class=\"elementor-column elementor-col-100 elementor-top-column elementor-element elementor-element-82de71b\" data-id=\"82de71b\" data-element_type=\"column\">\n\t\t\t<div class=\"elementor-widget-wrap elementor-element-populated\">\n\t\t\t\t\t\t<div class=\"elementor-element elementor-element-0ef129a elementor-widget elementor-widget-text-editor\" data-id=\"0ef129a\" data-element_type=\"widget\" data-widget_type=\"text-editor.default\">\n\t\t\t\t<div class=\"elementor-widget-container\">\n\t\t\t\t\t\t\t\t\t<span style=\"color: #000000\">The Amyloidosis Alliance is pleased to announce the first International AL Amyloidosis Meeting, which will be held in Brussels on the 5th and 6th of July 2023.<\/span>\n\n<span style=\"color: #000000\">This two-day program will be an extraordinary opportunity to gain insights into all aspects of AL amyloidosis, with a special focus on managing complications linked to organ involvement. It will also provide occasions for patients and medical doctors to learn from each other\u2019s experiences.<\/span>\n\n<span style=\"color: #000000\">On the first day, there will be sessions dedicated to patients, and separate sessions for doctors. The second day will feature joint sessions for both groups.<\/span>\n\n<span style=\"color: #000000\">We hope to meet you in Brussels!<\/span>\n\n<span style=\"color: #000000\">Agnes FARRUGIA, Frank BRIDOUX and Nathalie MEULEMAN<\/span>\n\n<span style=\"color: #000000\"><em>On behalf of the organizing committee<\/em><\/span>\t\t\t\t\t\t\t\t<\/div>\n\t\t\t\t<\/div>\n\t\t\t\t\t<\/div>\n\t\t<\/div>\n\t\t\t\t\t<\/div>\n\t\t<\/section>\n\t\t\t\t<section class=\"elementor-section elementor-top-section elementor-element elementor-element-9ba0932 elementor-section-boxed elementor-section-height-default elementor-section-height-default\" data-id=\"9ba0932\" data-element_type=\"section\">\n\t\t\t\t\t\t<div class=\"elementor-container elementor-column-gap-default\">\n\t\t\t\t\t<div class=\"elementor-column elementor-col-100 elementor-top-column elementor-element elementor-element-bbc3534\" data-id=\"bbc3534\" data-element_type=\"column\">\n\t\t\t<div class=\"elementor-widget-wrap elementor-element-populated\">\n\t\t\t\t\t\t<div class=\"elementor-element elementor-element-3b3f29f elementor-widget elementor-widget-image\" data-id=\"3b3f29f\" data-element_type=\"widget\" data-widget_type=\"image.default\">\n\t\t\t\t<div class=\"elementor-widget-container\">\n\t\t\t\t\t\t\t\t\t\t\t\t\t\t\t<img fetchpriority=\"high\" decoding=\"async\" width=\"600\" height=\"200\" src=\"http:\/\/reseau-amylose.org\/jesuispatient\/wp-content\/uploads\/sites\/2\/2024\/01\/International-AL-amyloidosis-meeting.jpg\" class=\"attachment-large size-large wp-image-3840\" alt=\"\" srcset=\"http:\/\/reseau-amylose.org\/jesuispatient\/wp-content\/uploads\/sites\/2\/2024\/01\/International-AL-amyloidosis-meeting.jpg 600w, http:\/\/reseau-amylose.org\/jesuispatient\/wp-content\/uploads\/sites\/2\/2024\/01\/International-AL-amyloidosis-meeting-300x100.jpg 300w\" sizes=\"(max-width: 600px) 100vw, 600px\" \/>\t\t\t\t\t\t\t\t\t\t\t\t\t\t\t<\/div>\n\t\t\t\t<\/div>\n\t\t\t\t<div class=\"elementor-element elementor-element-dc78f94 elementor-align-center elementor-widget elementor-widget-button\" data-id=\"dc78f94\" data-element_type=\"widget\" data-widget_type=\"button.default\">\n\t\t\t\t<div class=\"elementor-widget-container\">\n\t\t\t\t\t\t\t\t\t<div class=\"elementor-button-wrapper\">\n\t\t\t\t\t<a class=\"elementor-button elementor-button-link elementor-size-md\" href=\"https:\/\/alamyl2024.teamresa.net\/\" target=\"_blank\">\n\t\t\t\t\t\t<span class=\"elementor-button-content-wrapper\">\n\t\t\t\t\t\t\t\t\t<span class=\"elementor-button-text\">Registration<\/span>\n\t\t\t\t\t<\/span>\n\t\t\t\t\t<\/a>\n\t\t\t\t<\/div>\n\t\t\t\t\t\t\t\t<\/div>\n\t\t\t\t<\/div>\n\t\t\t\t\t<\/div>\n\t\t<\/div>\n\t\t\t\t\t<\/div>\n\t\t<\/section>\n\t\t\t\t<\/div>\n\t\t","protected":false},"excerpt":{"rendered":"<p>The Amyloidosis Alliance organise the first international AL amyloidosis meeting in Brussels on the 5th and 6th of July 2023.<\/p>\n","protected":false},"author":2,"featured_media":3840,"comment_status":"closed","ping_status":"closed","sticky":false,"template":"","format":"standard","meta":{"_monsterinsights_skip_tracking":false,"_monsterinsights_sitenote_active":false,"_monsterinsights_sitenote_note":"","_monsterinsights_sitenote_category":0,"footnotes":""},"categories":[2],"tags":[],"class_list":["post-3839","post","type-post","status-publish","format-standard","has-post-thumbnail","hentry","category-actualites"],"yoast_head":"<!-- This site is optimized with the Yoast SEO plugin v25.5 - https:\/\/yoast.com\/wordpress\/plugins\/seo\/ -->\n<title>International AL Amyloidosis Meeting - R\u00e9seau Amylose Site Patient<\/title>\n<meta name=\"description\" content=\"The Amyloidosis Alliance organise the first international AL amyloidosis meeting in Brussels on the 5th and 6th of July 2023.\" \/>\n<meta name=\"robots\" content=\"index, follow, max-snippet:-1, max-image-preview:large, max-video-preview:-1\" \/>\n<link rel=\"canonical\" href=\"http:\/\/reseau-amylose.org\/jesuispatient\/international-al-amyloidosis-meeting\/\" \/>\n<meta property=\"og:locale\" content=\"fr_FR\" \/>\n<meta property=\"og:type\" content=\"article\" \/>\n<meta property=\"og:title\" content=\"International AL Amyloidosis Meeting - R\u00e9seau Amylose Site Patient\" \/>\n<meta property=\"og:description\" content=\"The Amyloidosis Alliance organise the first international AL amyloidosis meeting in Brussels on the 5th and 6th of July 2023.\" \/>\n<meta property=\"og:url\" content=\"http:\/\/reseau-amylose.org\/jesuispatient\/international-al-amyloidosis-meeting\/\" \/>\n<meta property=\"og:site_name\" content=\"R\u00e9seau Amylose Site Patient\" \/>\n<meta property=\"article:published_time\" content=\"2024-01-25T13:50:30+00:00\" \/>\n<meta property=\"article:modified_time\" content=\"2024-01-25T14:19:42+00:00\" \/>\n<meta property=\"og:image\" content=\"http:\/\/reseau-amylose.org\/jesuispatient\/wp-content\/uploads\/sites\/2\/2024\/01\/International-AL-amyloidosis-meeting.jpg\" \/>\n\t<meta property=\"og:image:width\" content=\"600\" \/>\n\t<meta property=\"og:image:height\" content=\"200\" \/>\n\t<meta property=\"og:image:type\" content=\"image\/jpeg\" \/>\n<meta name=\"author\" content=\"clotilde\" \/>\n<meta name=\"twitter:card\" content=\"summary_large_image\" \/>\n<meta name=\"twitter:label1\" content=\"\u00c9crit par\" \/>\n\t<meta name=\"twitter:data1\" content=\"clotilde\" \/>\n\t<meta name=\"twitter:label2\" content=\"Dur\u00e9e de lecture estim\u00e9e\" \/>\n\t<meta name=\"twitter:data2\" content=\"1 minute\" \/>\n<script type=\"application\/ld+json\" class=\"yoast-schema-graph\">{\"@context\":\"https:\/\/schema.org\",\"@graph\":[{\"@type\":\"WebPage\",\"@id\":\"http:\/\/reseau-amylose.org\/jesuispatient\/international-al-amyloidosis-meeting\/\",\"url\":\"http:\/\/reseau-amylose.org\/jesuispatient\/international-al-amyloidosis-meeting\/\",\"name\":\"International AL Amyloidosis Meeting - R\u00e9seau Amylose Site Patient\",\"isPartOf\":{\"@id\":\"https:\/\/reseau-amylose.org\/jesuispatient\/#website\"},\"primaryImageOfPage\":{\"@id\":\"http:\/\/reseau-amylose.org\/jesuispatient\/international-al-amyloidosis-meeting\/#primaryimage\"},\"image\":{\"@id\":\"http:\/\/reseau-amylose.org\/jesuispatient\/international-al-amyloidosis-meeting\/#primaryimage\"},\"thumbnailUrl\":\"http:\/\/reseau-amylose.org\/jesuispatient\/wp-content\/uploads\/sites\/2\/2024\/01\/International-AL-amyloidosis-meeting.jpg\",\"datePublished\":\"2024-01-25T13:50:30+00:00\",\"dateModified\":\"2024-01-25T14:19:42+00:00\",\"author\":{\"@id\":\"https:\/\/reseau-amylose.org\/jesuispatient\/#\/schema\/person\/8051a9db0408f31b59e66b2cac32d79d\"},\"description\":\"The Amyloidosis Alliance organise the first international AL amyloidosis meeting in Brussels on the 5th and 6th of July 2023.\",\"breadcrumb\":{\"@id\":\"http:\/\/reseau-amylose.org\/jesuispatient\/international-al-amyloidosis-meeting\/#breadcrumb\"},\"inLanguage\":\"fr-FR\",\"potentialAction\":[{\"@type\":\"ReadAction\",\"target\":[\"http:\/\/reseau-amylose.org\/jesuispatient\/international-al-amyloidosis-meeting\/\"]}]},{\"@type\":\"ImageObject\",\"inLanguage\":\"fr-FR\",\"@id\":\"http:\/\/reseau-amylose.org\/jesuispatient\/international-al-amyloidosis-meeting\/#primaryimage\",\"url\":\"http:\/\/reseau-amylose.org\/jesuispatient\/wp-content\/uploads\/sites\/2\/2024\/01\/International-AL-amyloidosis-meeting.jpg\",\"contentUrl\":\"http:\/\/reseau-amylose.org\/jesuispatient\/wp-content\/uploads\/sites\/2\/2024\/01\/International-AL-amyloidosis-meeting.jpg\",\"width\":600,\"height\":200},{\"@type\":\"BreadcrumbList\",\"@id\":\"http:\/\/reseau-amylose.org\/jesuispatient\/international-al-amyloidosis-meeting\/#breadcrumb\",\"itemListElement\":[{\"@type\":\"ListItem\",\"position\":1,\"name\":\"Accueil\",\"item\":\"https:\/\/reseau-amylose.org\/jesuispatient\/\"},{\"@type\":\"ListItem\",\"position\":2,\"name\":\"International AL Amyloidosis Meeting\"}]},{\"@type\":\"WebSite\",\"@id\":\"https:\/\/reseau-amylose.org\/jesuispatient\/#website\",\"url\":\"https:\/\/reseau-amylose.org\/jesuispatient\/\",\"name\":\"R\u00e9seau Amylose Site Patient\",\"description\":\"Centre de r\u00e9f\u00e9rence des amyloses cardiaques\",\"potentialAction\":[{\"@type\":\"SearchAction\",\"target\":{\"@type\":\"EntryPoint\",\"urlTemplate\":\"https:\/\/reseau-amylose.org\/jesuispatient\/?s={search_term_string}\"},\"query-input\":{\"@type\":\"PropertyValueSpecification\",\"valueRequired\":true,\"valueName\":\"search_term_string\"}}],\"inLanguage\":\"fr-FR\"},{\"@type\":\"Person\",\"@id\":\"https:\/\/reseau-amylose.org\/jesuispatient\/#\/schema\/person\/8051a9db0408f31b59e66b2cac32d79d\",\"name\":\"clotilde\",\"image\":{\"@type\":\"ImageObject\",\"inLanguage\":\"fr-FR\",\"@id\":\"https:\/\/reseau-amylose.org\/jesuispatient\/#\/schema\/person\/image\/\",\"url\":\"https:\/\/secure.gravatar.com\/avatar\/3f641b4dd50c316d26405faeae0e8e51a740bc88d8b45a75e5562aa57653f388?s=96&d=mm&r=g\",\"contentUrl\":\"https:\/\/secure.gravatar.com\/avatar\/3f641b4dd50c316d26405faeae0e8e51a740bc88d8b45a75e5562aa57653f388?s=96&d=mm&r=g\",\"caption\":\"clotilde\"},\"url\":\"http:\/\/reseau-amylose.org\/jesuispatient\/author\/clotilde\/\"}]}<\/script>\n<!-- \/ Yoast SEO plugin. -->","yoast_head_json":{"title":"International AL Amyloidosis Meeting - R\u00e9seau Amylose Site Patient","description":"The Amyloidosis Alliance organise the first international AL amyloidosis meeting in Brussels on the 5th and 6th of July 2023.","robots":{"index":"index","follow":"follow","max-snippet":"max-snippet:-1","max-image-preview":"max-image-preview:large","max-video-preview":"max-video-preview:-1"},"canonical":"http:\/\/reseau-amylose.org\/jesuispatient\/international-al-amyloidosis-meeting\/","og_locale":"fr_FR","og_type":"article","og_title":"International AL Amyloidosis Meeting - R\u00e9seau Amylose Site Patient","og_description":"The Amyloidosis Alliance organise the first international AL amyloidosis meeting in Brussels on the 5th and 6th of July 2023.","og_url":"http:\/\/reseau-amylose.org\/jesuispatient\/international-al-amyloidosis-meeting\/","og_site_name":"R\u00e9seau Amylose Site Patient","article_published_time":"2024-01-25T13:50:30+00:00","article_modified_time":"2024-01-25T14:19:42+00:00","og_image":[{"width":600,"height":200,"url":"http:\/\/reseau-amylose.org\/jesuispatient\/wp-content\/uploads\/sites\/2\/2024\/01\/International-AL-amyloidosis-meeting.jpg","type":"image\/jpeg"}],"author":"clotilde","twitter_card":"summary_large_image","twitter_misc":{"\u00c9crit par":"clotilde","Dur\u00e9e de lecture estim\u00e9e":"1 minute"},"schema":{"@context":"https:\/\/schema.org","@graph":[{"@type":"WebPage","@id":"http:\/\/reseau-amylose.org\/jesuispatient\/international-al-amyloidosis-meeting\/","url":"http:\/\/reseau-amylose.org\/jesuispatient\/international-al-amyloidosis-meeting\/","name":"International AL Amyloidosis Meeting - R\u00e9seau Amylose Site Patient","isPartOf":{"@id":"https:\/\/reseau-amylose.org\/jesuispatient\/#website"},"primaryImageOfPage":{"@id":"http:\/\/reseau-amylose.org\/jesuispatient\/international-al-amyloidosis-meeting\/#primaryimage"},"image":{"@id":"http:\/\/reseau-amylose.org\/jesuispatient\/international-al-amyloidosis-meeting\/#primaryimage"},"thumbnailUrl":"http:\/\/reseau-amylose.org\/jesuispatient\/wp-content\/uploads\/sites\/2\/2024\/01\/International-AL-amyloidosis-meeting.jpg","datePublished":"2024-01-25T13:50:30+00:00","dateModified":"2024-01-25T14:19:42+00:00","author":{"@id":"https:\/\/reseau-amylose.org\/jesuispatient\/#\/schema\/person\/8051a9db0408f31b59e66b2cac32d79d"},"description":"The Amyloidosis Alliance organise the first international AL amyloidosis meeting in Brussels on the 5th and 6th of July 2023.","breadcrumb":{"@id":"http:\/\/reseau-amylose.org\/jesuispatient\/international-al-amyloidosis-meeting\/#breadcrumb"},"inLanguage":"fr-FR","potentialAction":[{"@type":"ReadAction","target":["http:\/\/reseau-amylose.org\/jesuispatient\/international-al-amyloidosis-meeting\/"]}]},{"@type":"ImageObject","inLanguage":"fr-FR","@id":"http:\/\/reseau-amylose.org\/jesuispatient\/international-al-amyloidosis-meeting\/#primaryimage","url":"http:\/\/reseau-amylose.org\/jesuispatient\/wp-content\/uploads\/sites\/2\/2024\/01\/International-AL-amyloidosis-meeting.jpg","contentUrl":"http:\/\/reseau-amylose.org\/jesuispatient\/wp-content\/uploads\/sites\/2\/2024\/01\/International-AL-amyloidosis-meeting.jpg","width":600,"height":200},{"@type":"BreadcrumbList","@id":"http:\/\/reseau-amylose.org\/jesuispatient\/international-al-amyloidosis-meeting\/#breadcrumb","itemListElement":[{"@type":"ListItem","position":1,"name":"Accueil","item":"https:\/\/reseau-amylose.org\/jesuispatient\/"},{"@type":"ListItem","position":2,"name":"International AL Amyloidosis Meeting"}]},{"@type":"WebSite","@id":"https:\/\/reseau-amylose.org\/jesuispatient\/#website","url":"https:\/\/reseau-amylose.org\/jesuispatient\/","name":"R\u00e9seau Amylose Site Patient","description":"Centre de r\u00e9f\u00e9rence des amyloses cardiaques","potentialAction":[{"@type":"SearchAction","target":{"@type":"EntryPoint","urlTemplate":"https:\/\/reseau-amylose.org\/jesuispatient\/?s={search_term_string}"},"query-input":{"@type":"PropertyValueSpecification","valueRequired":true,"valueName":"search_term_string"}}],"inLanguage":"fr-FR"},{"@type":"Person","@id":"https:\/\/reseau-amylose.org\/jesuispatient\/#\/schema\/person\/8051a9db0408f31b59e66b2cac32d79d","name":"clotilde","image":{"@type":"ImageObject","inLanguage":"fr-FR","@id":"https:\/\/reseau-amylose.org\/jesuispatient\/#\/schema\/person\/image\/","url":"https:\/\/secure.gravatar.com\/avatar\/3f641b4dd50c316d26405faeae0e8e51a740bc88d8b45a75e5562aa57653f388?s=96&d=mm&r=g","contentUrl":"https:\/\/secure.gravatar.com\/avatar\/3f641b4dd50c316d26405faeae0e8e51a740bc88d8b45a75e5562aa57653f388?s=96&d=mm&r=g","caption":"clotilde"},"url":"http:\/\/reseau-amylose.org\/jesuispatient\/author\/clotilde\/"}]}},"jetpack_featured_media_url":"http:\/\/reseau-amylose.org\/jesuispatient\/wp-content\/uploads\/sites\/2\/2024\/01\/International-AL-amyloidosis-meeting.jpg","_links":{"self":[{"href":"http:\/\/reseau-amylose.org\/jesuispatient\/wp-json\/wp\/v2\/posts\/3839","targetHints":{"allow":["GET"]}}],"collection":[{"href":"http:\/\/reseau-amylose.org\/jesuispatient\/wp-json\/wp\/v2\/posts"}],"about":[{"href":"http:\/\/reseau-amylose.org\/jesuispatient\/wp-json\/wp\/v2\/types\/post"}],"author":[{"embeddable":true,"href":"http:\/\/reseau-amylose.org\/jesuispatient\/wp-json\/wp\/v2\/users\/2"}],"replies":[{"embeddable":true,"href":"http:\/\/reseau-amylose.org\/jesuispatient\/wp-json\/wp\/v2\/comments?post=3839"}],"version-history":[{"count":14,"href":"http:\/\/reseau-amylose.org\/jesuispatient\/wp-json\/wp\/v2\/posts\/3839\/revisions"}],"predecessor-version":[{"id":3856,"href":"http:\/\/reseau-amylose.org\/jesuispatient\/wp-json\/wp\/v2\/posts\/3839\/revisions\/3856"}],"wp:featuredmedia":[{"embeddable":true,"href":"http:\/\/reseau-amylose.org\/jesuispatient\/wp-json\/wp\/v2\/media\/3840"}],"wp:attachment":[{"href":"http:\/\/reseau-amylose.org\/jesuispatient\/wp-json\/wp\/v2\/media?parent=3839"}],"wp:term":[{"taxonomy":"category","embeddable":true,"href":"http:\/\/reseau-amylose.org\/jesuispatient\/wp-json\/wp\/v2\/categories?post=3839"},{"taxonomy":"post_tag","embeddable":true,"href":"http:\/\/reseau-amylose.org\/jesuispatient\/wp-json\/wp\/v2\/tags?post=3839"}],"curies":[{"name":"wp","href":"https:\/\/api.w.org\/{rel}","templated":true}]}}